{"id":133,"date":"2014-03-23T15:41:02","date_gmt":"2014-03-23T14:41:02","guid":{"rendered":"http:\/\/blog.aich.de\/?p=133"},"modified":"2014-03-23T15:41:02","modified_gmt":"2014-03-23T14:41:02","slug":"ladestation-hagebaumarkt-ettlingen","status":"publish","type":"post","link":"http:\/\/blog.aich.de\/?p=133","title":{"rendered":"Ladestation Hagebaumarkt Ettlingen"},"content":{"rendered":"<p>Seit 2013 gibt es in Ettlingen einen <a href=\"http:\/\/www.hbm-ettlingen.de\/index.php\" target=\"_blank\">hagebaumarkt<\/a>. Vor einiger Zeit habe ich gesehen, dass auf dem Parkplatz eine Lades\u00e4ule steht. Weder an der S\u00e4ule, noch an den beiden angrenzenden Parkpl\u00e4tzen war ein Hinweis zu finden ob und wie die Lades\u00e4ule funktioniert. Eine Nachfrage an der Info ergab, dass die S\u00e4ule zwar angeschlossen ist, aber bisher noch nie genutzt wurde. Also Premiere f\u00fcr mich und den i3. Diese ging leider deutlich in die Hose. Die zur Freischaltung notwendige Karte war leider nicht zu finden.<\/p>\n<p>Eine Nachfrage ein paar Wochen sp\u00e4ter gab leider keine neuen Erkenntnisse.<\/p>\n<p>Letzte Woche also ein erneuter Versuch. Und ja, es funktioniert. Die notwendige Karte wurde gefunden und dank engagierten Mitarbeitern eingerichtet und aktiviert. Der Start des Ladevorgangs war dann kein Problem. An der Lades\u00e4ule stehen zwei Typ 2 Anschl\u00fcsse zur Verf\u00fcgung. Laut Anzeige ist die Ladung mit 32 A m\u00f6glich, verglichen mit der Ver\u00e4nderung des Ladezustands des i3 m\u00fcsste der Wert realistisch sein.<\/p>\n<p>Wie die Nutzung in Zukunft erfolgen soll (Freischaltung\/Kosten) konnte mir (noch) nicht mitgeteilt werden. Immerhin, ein Anfang ist gemacht, dies m\u00fcsste im Moment die schnellste S\u00e4ule in Ettlingen sein.<\/p>\n<p><a href=\"http:\/\/blog.aich.de\/wp-content\/uploads\/2014\/03\/01.jpg\"><img loading=\"lazy\" decoding=\"async\" class=\"alignnone size-medium wp-image-134\" alt=\"01\" src=\"http:\/\/blog.aich.de\/wp-content\/uploads\/2014\/03\/01-300x168.jpg\" width=\"300\" height=\"168\" srcset=\"http:\/\/blog.aich.de\/wp-content\/uploads\/2014\/03\/01-300x168.jpg 300w, http:\/\/blog.aich.de\/wp-content\/uploads\/2014\/03\/01.jpg 800w\" sizes=\"auto, (max-width: 300px) 100vw, 300px\" \/><\/a> <a href=\"http:\/\/blog.aich.de\/wp-content\/uploads\/2014\/03\/02.jpg\"><img loading=\"lazy\" decoding=\"async\" class=\"alignnone size-medium wp-image-135\" alt=\"02\" src=\"http:\/\/blog.aich.de\/wp-content\/uploads\/2014\/03\/02-300x168.jpg\" width=\"300\" height=\"168\" srcset=\"http:\/\/blog.aich.de\/wp-content\/uploads\/2014\/03\/02-300x168.jpg 300w, http:\/\/blog.aich.de\/wp-content\/uploads\/2014\/03\/02.jpg 800w\" sizes=\"auto, (max-width: 300px) 100vw, 300px\" \/><\/a> <a href=\"http:\/\/blog.aich.de\/wp-content\/uploads\/2014\/03\/03.jpg\"><img loading=\"lazy\" decoding=\"async\" class=\"alignnone size-medium wp-image-136\" alt=\"03\" src=\"http:\/\/blog.aich.de\/wp-content\/uploads\/2014\/03\/03-168x300.jpg\" width=\"168\" height=\"300\" srcset=\"http:\/\/blog.aich.de\/wp-content\/uploads\/2014\/03\/03-168x300.jpg 168w, http:\/\/blog.aich.de\/wp-content\/uploads\/2014\/03\/03.jpg 450w\" sizes=\"auto, (max-width: 168px) 100vw, 168px\" \/><\/a><\/p>\n","protected":false},"excerpt":{"rendered":"<p>Seit 2013 gibt es in Ettlingen einen hagebaumarkt. Vor einiger Zeit habe ich gesehen, dass auf dem Parkplatz eine Lades\u00e4ule steht. Weder an der S\u00e4ule, noch an den beiden angrenzenden Parkpl\u00e4tzen war ein Hinweis zu finden ob und wie die Lades\u00e4ule funktioniert. Eine Nachfrage an der Info ergab, dass die S\u00e4ule zwar angeschlossen ist, aber &#8230; <a title=\"Ladestation Hagebaumarkt Ettlingen\" class=\"read-more\" href=\"http:\/\/blog.aich.de\/?p=133\" aria-label=\"Mehr Informationen \u00fcber Ladestation Hagebaumarkt Ettlingen\">Weiterlesen<\/a><\/p>\n","protected":false},"author":2,"featured_media":0,"comment_status":"open","ping_status":"open","sticky":false,"template":"","format":"standard","meta":{"footnotes":""},"categories":[9,8],"tags":[],"class_list":["post-133","post","type-post","status-publish","format-standard","hentry","category-laden","category-technik"],"_links":{"self":[{"href":"http:\/\/blog.aich.de\/index.php?rest_route=\/wp\/v2\/posts\/133","targetHints":{"allow":["GET"]}}],"collection":[{"href":"http:\/\/blog.aich.de\/index.php?rest_route=\/wp\/v2\/posts"}],"about":[{"href":"http:\/\/blog.aich.de\/index.php?rest_route=\/wp\/v2\/types\/post"}],"author":[{"embeddable":true,"href":"http:\/\/blog.aich.de\/index.php?rest_route=\/wp\/v2\/users\/2"}],"replies":[{"embeddable":true,"href":"http:\/\/blog.aich.de\/index.php?rest_route=%2Fwp%2Fv2%2Fcomments&post=133"}],"version-history":[{"count":1,"href":"http:\/\/blog.aich.de\/index.php?rest_route=\/wp\/v2\/posts\/133\/revisions"}],"predecessor-version":[{"id":137,"href":"http:\/\/blog.aich.de\/index.php?rest_route=\/wp\/v2\/posts\/133\/revisions\/137"}],"wp:attachment":[{"href":"http:\/\/blog.aich.de\/index.php?rest_route=%2Fwp%2Fv2%2Fmedia&parent=133"}],"wp:term":[{"taxonomy":"category","embeddable":true,"href":"http:\/\/blog.aich.de\/index.php?rest_route=%2Fwp%2Fv2%2Fcategories&post=133"},{"taxonomy":"post_tag","embeddable":true,"href":"http:\/\/blog.aich.de\/index.php?rest_route=%2Fwp%2Fv2%2Ftags&post=133"}],"curies":[{"name":"wp","href":"https:\/\/api.w.org\/{rel}","templated":true}]}}