{"id":561,"date":"2015-10-06T16:03:30","date_gmt":"2015-10-06T15:03:30","guid":{"rendered":"http:\/\/blog.aich.de\/?p=561"},"modified":"2015-10-06T16:03:30","modified_gmt":"2015-10-06T15:03:30","slug":"eruda-2015-2-10-2015-tag-1-anreise","status":"publish","type":"post","link":"http:\/\/blog.aich.de\/?p=561","title":{"rendered":"eRUDA 2015 &#8211; 2.10.2015 &#8211; Tag 1 &#8211; Anreise"},"content":{"rendered":"<p>Nach der gelungenen Veranstaltung 2014 hie\u00df es auch 2015 wieder<a href=\"http:\/\/www.eruda.de\"> eRUDA &#8211; elektrisch rund um den Ammersee<\/a><\/p>\n<p>Das eRUDA Fahrerlager befand sich 2015 in F\u00fcrstenfeldbruck auf dem Gel\u00e4nde des <a href=\"http:\/\/www.kloster-fuerstenfeld.de\/\">Kloster F\u00fcrstenfeld<\/a>. Eine wirklich sehr sch\u00f6ne Location. Und aus Sicht eines E-Autofahrers mit einer hervorragenden Organisation der Ladem\u00f6glichkeiten. Das Fahrerlager war Ausgangs- und Endpunkt der Touren am Samstag und Sonntag.<\/p>\n<p>Die Anreise erfolgte \u00fcber Stuttgart (Schnellladen bei BMW) &#8211; G\u00fcnzburg (Ladestation in der Altstadt) nach F\u00fcrstenfeldbruck. Es waren somit Etappen von ca. 70 km &#8211; 115 km &#8211; 105 km zu bew\u00e4ltigen. Bei strahlendem Sonnenschein war das kein Problem. Leider ist das Netz von Schnellladern in Richtung M\u00fcnchen einfach nicht vorhanden. Das sieht in Richtung Norden (z.B. Fanrkfurt) deutlich besser aus. Die Folge waren ca. 90 Minuten Aufenthalt in G\u00fcnzburg und eine verhaltene Fahrweise (ca. 90-100 km\/h). Durch einige Baustellen und relativ viel Verkehr w\u00e4re es auch mit einem anderen Fahrzeug nicht so viel schneller gewesen.<\/p>\n<p>In G\u00fcnzburg bin ich mit ca. 80 % Akkuladung abgefahren und mit ca. 10 km Restreichweite in F\u00fcrstenfeldbruck angekommen. Vor Ort konnte ich dann relativ schnell wieder auf 100 % laden (vielen Dank an <a href=\"http:\/\/www.abl-sursum.com\/de\/\" target=\"_blank\">ABL<\/a> und <a href=\"http:\/\/design-werk.ch\/\" target=\"_blank\">Designwerk<\/a> f\u00fcr den Schnelllader)<\/p>\n<p>Danach ging es in die Unterkunft, einchecken und gleich wieder zur\u00fcck, ein paar der Teammitgleider &#8218;goingelectrig.de Team i3&#8216; treffen.<\/p>\n<p>&#8218;Fahrerlager&#8216; eines Teil des Teams: <a href=\"http:\/\/blog.aich.de\/wp-content\/uploads\/2015\/10\/biburg.jpg\"><img loading=\"lazy\" decoding=\"async\" class=\"alignnone size-medium wp-image-563\" alt=\"biburg\" src=\"http:\/\/blog.aich.de\/wp-content\/uploads\/2015\/10\/biburg-300x168.jpg\" width=\"300\" height=\"168\" srcset=\"http:\/\/blog.aich.de\/wp-content\/uploads\/2015\/10\/biburg-300x168.jpg 300w, http:\/\/blog.aich.de\/wp-content\/uploads\/2015\/10\/biburg-1024x576.jpg 1024w, http:\/\/blog.aich.de\/wp-content\/uploads\/2015\/10\/biburg.jpg 1920w\" sizes=\"auto, (max-width: 300px) 100vw, 300px\" \/><\/a><\/p>\n<p>Nach vielen Gespr\u00e4chen und einem gem\u00fctlichen Abendessen war der erste Tag schon vorbei.<\/p>\n<p>Ein paar Impressionen von Freitag:<\/p>\n<p><a href=\"http:\/\/blog.aich.de\/wp-content\/uploads\/2015\/10\/ffbfr11.jpg\"><img loading=\"lazy\" decoding=\"async\" class=\"alignnone size-medium wp-image-564\" alt=\"ffbfr1\" src=\"http:\/\/blog.aich.de\/wp-content\/uploads\/2015\/10\/ffbfr11-300x200.jpg\" width=\"300\" height=\"200\" srcset=\"http:\/\/blog.aich.de\/wp-content\/uploads\/2015\/10\/ffbfr11-300x200.jpg 300w, http:\/\/blog.aich.de\/wp-content\/uploads\/2015\/10\/ffbfr11-1024x682.jpg 1024w, http:\/\/blog.aich.de\/wp-content\/uploads\/2015\/10\/ffbfr11.jpg 1620w\" sizes=\"auto, (max-width: 300px) 100vw, 300px\" \/><\/a> <a href=\"http:\/\/blog.aich.de\/wp-content\/uploads\/2015\/10\/ffbfr2.jpg\"><img loading=\"lazy\" decoding=\"async\" class=\"alignnone size-medium wp-image-565\" alt=\"ffbfr2\" src=\"http:\/\/blog.aich.de\/wp-content\/uploads\/2015\/10\/ffbfr2-300x200.jpg\" width=\"300\" height=\"200\" srcset=\"http:\/\/blog.aich.de\/wp-content\/uploads\/2015\/10\/ffbfr2-300x200.jpg 300w, http:\/\/blog.aich.de\/wp-content\/uploads\/2015\/10\/ffbfr2-1024x682.jpg 1024w, http:\/\/blog.aich.de\/wp-content\/uploads\/2015\/10\/ffbfr2.jpg 1620w\" sizes=\"auto, (max-width: 300px) 100vw, 300px\" \/><\/a> <a href=\"http:\/\/blog.aich.de\/wp-content\/uploads\/2015\/10\/ffbfr3.jpg\"><img loading=\"lazy\" decoding=\"async\" class=\"alignnone size-medium wp-image-566\" alt=\"ffbfr3\" src=\"http:\/\/blog.aich.de\/wp-content\/uploads\/2015\/10\/ffbfr3-300x200.jpg\" width=\"300\" height=\"200\" srcset=\"http:\/\/blog.aich.de\/wp-content\/uploads\/2015\/10\/ffbfr3-300x200.jpg 300w, http:\/\/blog.aich.de\/wp-content\/uploads\/2015\/10\/ffbfr3-1024x682.jpg 1024w, http:\/\/blog.aich.de\/wp-content\/uploads\/2015\/10\/ffbfr3.jpg 1620w\" sizes=\"auto, (max-width: 300px) 100vw, 300px\" \/><\/a> <a href=\"http:\/\/blog.aich.de\/wp-content\/uploads\/2015\/10\/ffbfr4.jpg\"><img loading=\"lazy\" decoding=\"async\" class=\"alignnone size-medium wp-image-567\" alt=\"ffbfr4\" src=\"http:\/\/blog.aich.de\/wp-content\/uploads\/2015\/10\/ffbfr4-300x200.jpg\" width=\"300\" height=\"200\" srcset=\"http:\/\/blog.aich.de\/wp-content\/uploads\/2015\/10\/ffbfr4-300x200.jpg 300w, http:\/\/blog.aich.de\/wp-content\/uploads\/2015\/10\/ffbfr4-1024x682.jpg 1024w, http:\/\/blog.aich.de\/wp-content\/uploads\/2015\/10\/ffbfr4.jpg 1620w\" sizes=\"auto, (max-width: 300px) 100vw, 300px\" \/><\/a> <a href=\"http:\/\/blog.aich.de\/wp-content\/uploads\/2015\/10\/ffbfr5.jpg\"><img loading=\"lazy\" decoding=\"async\" class=\"alignnone size-medium wp-image-568\" alt=\"ffbfr5\" src=\"http:\/\/blog.aich.de\/wp-content\/uploads\/2015\/10\/ffbfr5-300x200.jpg\" width=\"300\" height=\"200\" srcset=\"http:\/\/blog.aich.de\/wp-content\/uploads\/2015\/10\/ffbfr5-300x200.jpg 300w, http:\/\/blog.aich.de\/wp-content\/uploads\/2015\/10\/ffbfr5-1024x682.jpg 1024w, http:\/\/blog.aich.de\/wp-content\/uploads\/2015\/10\/ffbfr5.jpg 1620w\" sizes=\"auto, (max-width: 300px) 100vw, 300px\" \/><\/a> <a href=\"http:\/\/blog.aich.de\/wp-content\/uploads\/2015\/10\/ffbfr6.jpg\"><img loading=\"lazy\" decoding=\"async\" class=\"alignnone size-medium wp-image-569\" alt=\"ffbfr6\" src=\"http:\/\/blog.aich.de\/wp-content\/uploads\/2015\/10\/ffbfr6-300x200.jpg\" width=\"300\" height=\"200\" srcset=\"http:\/\/blog.aich.de\/wp-content\/uploads\/2015\/10\/ffbfr6-300x200.jpg 300w, http:\/\/blog.aich.de\/wp-content\/uploads\/2015\/10\/ffbfr6-1024x682.jpg 1024w, http:\/\/blog.aich.de\/wp-content\/uploads\/2015\/10\/ffbfr6.jpg 1620w\" sizes=\"auto, (max-width: 300px) 100vw, 300px\" \/><\/a> <a href=\"http:\/\/blog.aich.de\/wp-content\/uploads\/2015\/10\/ffbfr7.jpg\"><img loading=\"lazy\" decoding=\"async\" class=\"alignnone size-medium wp-image-570\" alt=\"ffbfr7\" src=\"http:\/\/blog.aich.de\/wp-content\/uploads\/2015\/10\/ffbfr7-300x200.jpg\" width=\"300\" height=\"200\" srcset=\"http:\/\/blog.aich.de\/wp-content\/uploads\/2015\/10\/ffbfr7-300x200.jpg 300w, http:\/\/blog.aich.de\/wp-content\/uploads\/2015\/10\/ffbfr7-1024x682.jpg 1024w, http:\/\/blog.aich.de\/wp-content\/uploads\/2015\/10\/ffbfr7.jpg 1620w\" sizes=\"auto, (max-width: 300px) 100vw, 300px\" \/><\/a> <a href=\"http:\/\/blog.aich.de\/wp-content\/uploads\/2015\/10\/ffbfr8.jpg\"><img loading=\"lazy\" decoding=\"async\" class=\"alignnone size-medium wp-image-571\" alt=\"ffbfr8\" src=\"http:\/\/blog.aich.de\/wp-content\/uploads\/2015\/10\/ffbfr8-300x200.jpg\" width=\"300\" height=\"200\" srcset=\"http:\/\/blog.aich.de\/wp-content\/uploads\/2015\/10\/ffbfr8-300x200.jpg 300w, http:\/\/blog.aich.de\/wp-content\/uploads\/2015\/10\/ffbfr8-1024x682.jpg 1024w, http:\/\/blog.aich.de\/wp-content\/uploads\/2015\/10\/ffbfr8.jpg 1620w\" sizes=\"auto, (max-width: 300px) 100vw, 300px\" \/><\/a> <a href=\"http:\/\/blog.aich.de\/wp-content\/uploads\/2015\/10\/ffbfr9.jpg\"><img loading=\"lazy\" decoding=\"async\" class=\"alignnone size-medium wp-image-572\" alt=\"ffbfr9\" src=\"http:\/\/blog.aich.de\/wp-content\/uploads\/2015\/10\/ffbfr9-300x200.jpg\" width=\"300\" height=\"200\" srcset=\"http:\/\/blog.aich.de\/wp-content\/uploads\/2015\/10\/ffbfr9-300x200.jpg 300w, http:\/\/blog.aich.de\/wp-content\/uploads\/2015\/10\/ffbfr9-1024x682.jpg 1024w, http:\/\/blog.aich.de\/wp-content\/uploads\/2015\/10\/ffbfr9.jpg 1620w\" sizes=\"auto, (max-width: 300px) 100vw, 300px\" \/><\/a><\/p>\n<p>&nbsp;<\/p>\n<p>&nbsp;<\/p>\n<p>&nbsp;<\/p>\n","protected":false},"excerpt":{"rendered":"<p>Nach der gelungenen Veranstaltung 2014 hie\u00df es auch 2015 wieder eRUDA &#8211; elektrisch rund um den Ammersee Das eRUDA Fahrerlager befand sich 2015 in F\u00fcrstenfeldbruck auf dem Gel\u00e4nde des Kloster F\u00fcrstenfeld. Eine wirklich sehr sch\u00f6ne Location. Und aus Sicht eines E-Autofahrers mit einer hervorragenden Organisation der Ladem\u00f6glichkeiten. Das Fahrerlager war Ausgangs- und Endpunkt der Touren &#8230; <a title=\"eRUDA 2015 &#8211; 2.10.2015 &#8211; Tag 1 &#8211; Anreise\" class=\"read-more\" href=\"http:\/\/blog.aich.de\/?p=561\" aria-label=\"Mehr Informationen \u00fcber eRUDA 2015 &#8211; 2.10.2015 &#8211; Tag 1 &#8211; Anreise\">Weiterlesen<\/a><\/p>\n","protected":false},"author":2,"featured_media":0,"comment_status":"closed","ping_status":"closed","sticky":false,"template":"","format":"standard","meta":{"footnotes":""},"categories":[7,10],"tags":[],"class_list":["post-561","post","type-post","status-publish","format-standard","hentry","category-fahrbericht","category-veranstaltung"],"_links":{"self":[{"href":"http:\/\/blog.aich.de\/index.php?rest_route=\/wp\/v2\/posts\/561","targetHints":{"allow":["GET"]}}],"collection":[{"href":"http:\/\/blog.aich.de\/index.php?rest_route=\/wp\/v2\/posts"}],"about":[{"href":"http:\/\/blog.aich.de\/index.php?rest_route=\/wp\/v2\/types\/post"}],"author":[{"embeddable":true,"href":"http:\/\/blog.aich.de\/index.php?rest_route=\/wp\/v2\/users\/2"}],"replies":[{"embeddable":true,"href":"http:\/\/blog.aich.de\/index.php?rest_route=%2Fwp%2Fv2%2Fcomments&post=561"}],"version-history":[{"count":1,"href":"http:\/\/blog.aich.de\/index.php?rest_route=\/wp\/v2\/posts\/561\/revisions"}],"predecessor-version":[{"id":573,"href":"http:\/\/blog.aich.de\/index.php?rest_route=\/wp\/v2\/posts\/561\/revisions\/573"}],"wp:attachment":[{"href":"http:\/\/blog.aich.de\/index.php?rest_route=%2Fwp%2Fv2%2Fmedia&parent=561"}],"wp:term":[{"taxonomy":"category","embeddable":true,"href":"http:\/\/blog.aich.de\/index.php?rest_route=%2Fwp%2Fv2%2Fcategories&post=561"},{"taxonomy":"post_tag","embeddable":true,"href":"http:\/\/blog.aich.de\/index.php?rest_route=%2Fwp%2Fv2%2Ftags&post=561"}],"curies":[{"name":"wp","href":"https:\/\/api.w.org\/{rel}","templated":true}]}}