{"id":800,"date":"2016-07-12T17:37:09","date_gmt":"2016-07-12T16:37:09","guid":{"rendered":"http:\/\/blog.aich.de\/?p=800"},"modified":"2016-07-12T17:37:09","modified_gmt":"2016-07-12T16:37:09","slug":"landau-neuer-tripplelader","status":"publish","type":"post","link":"http:\/\/blog.aich.de\/?p=800","title":{"rendered":"Landau &#8211; neuer Tripplelader"},"content":{"rendered":"<p>In Landau wurde ein neuer Tripplelader (CCS\/Chademo\/Typ2) aufgebaut. Er steht vor dem Geb\u00e4ude der <a href=\"http:\/\/www.energie-suedwest.de\/\">EnergieS\u00fcdwestAG<\/a> und geh\u00f6rt zum Verbund von Allego.<br \/>\nAlle Infos zu zum Ladepunkt gibt es im <a href=\"http:\/\/www.goingelectric.de\/stromtankstellen\/Deutschland\/Landau\/EnergieSuedwest-Industriestrasse-18\/15443\/\">Stromtankstellenverzeichnis<\/a> von goingelectric.de.<\/p>\n<p>Die genaue Adresse:<\/p>\n<div class=\"text_top_rechts\">Industriestra\u00dfe 18<\/div>\n<div class=\"text_top_rechts\">76829 Landau<\/div>\n<p><a href=\"http:\/\/blog.aich.de\/wp-content\/uploads\/2016\/07\/landau1.jpg\"><img loading=\"lazy\" decoding=\"async\" class=\"alignnone size-medium wp-image-801\" src=\"http:\/\/blog.aich.de\/wp-content\/uploads\/2016\/07\/landau1-300x169.jpg\" alt=\"landau1\" width=\"300\" height=\"169\" srcset=\"http:\/\/blog.aich.de\/wp-content\/uploads\/2016\/07\/landau1-300x169.jpg 300w, http:\/\/blog.aich.de\/wp-content\/uploads\/2016\/07\/landau1-768x432.jpg 768w, http:\/\/blog.aich.de\/wp-content\/uploads\/2016\/07\/landau1-1024x576.jpg 1024w, http:\/\/blog.aich.de\/wp-content\/uploads\/2016\/07\/landau1.jpg 1920w\" sizes=\"auto, (max-width: 300px) 100vw, 300px\" \/><\/a> <a href=\"http:\/\/blog.aich.de\/wp-content\/uploads\/2016\/07\/landau2.jpg\"><img loading=\"lazy\" decoding=\"async\" class=\"alignnone size-medium wp-image-802\" src=\"http:\/\/blog.aich.de\/wp-content\/uploads\/2016\/07\/landau2-300x169.jpg\" alt=\"landau2\" width=\"300\" height=\"169\" srcset=\"http:\/\/blog.aich.de\/wp-content\/uploads\/2016\/07\/landau2-300x169.jpg 300w, http:\/\/blog.aich.de\/wp-content\/uploads\/2016\/07\/landau2-768x432.jpg 768w, http:\/\/blog.aich.de\/wp-content\/uploads\/2016\/07\/landau2-1024x576.jpg 1024w, http:\/\/blog.aich.de\/wp-content\/uploads\/2016\/07\/landau2.jpg 1920w\" sizes=\"auto, (max-width: 300px) 100vw, 300px\" \/><\/a><\/p>\n","protected":false},"excerpt":{"rendered":"<p>In Landau wurde ein neuer Tripplelader (CCS\/Chademo\/Typ2) aufgebaut. Er steht vor dem Geb\u00e4ude der EnergieS\u00fcdwestAG und geh\u00f6rt zum Verbund von Allego. Alle Infos zu zum Ladepunkt gibt es im Stromtankstellenverzeichnis von goingelectric.de. Die genaue Adresse: Industriestra\u00dfe 18 76829 Landau<\/p>\n","protected":false},"author":2,"featured_media":0,"comment_status":"open","ping_status":"open","sticky":false,"template":"","format":"standard","meta":{"footnotes":""},"categories":[9,8],"tags":[],"class_list":["post-800","post","type-post","status-publish","format-standard","hentry","category-laden","category-technik"],"_links":{"self":[{"href":"http:\/\/blog.aich.de\/index.php?rest_route=\/wp\/v2\/posts\/800","targetHints":{"allow":["GET"]}}],"collection":[{"href":"http:\/\/blog.aich.de\/index.php?rest_route=\/wp\/v2\/posts"}],"about":[{"href":"http:\/\/blog.aich.de\/index.php?rest_route=\/wp\/v2\/types\/post"}],"author":[{"embeddable":true,"href":"http:\/\/blog.aich.de\/index.php?rest_route=\/wp\/v2\/users\/2"}],"replies":[{"embeddable":true,"href":"http:\/\/blog.aich.de\/index.php?rest_route=%2Fwp%2Fv2%2Fcomments&post=800"}],"version-history":[{"count":1,"href":"http:\/\/blog.aich.de\/index.php?rest_route=\/wp\/v2\/posts\/800\/revisions"}],"predecessor-version":[{"id":803,"href":"http:\/\/blog.aich.de\/index.php?rest_route=\/wp\/v2\/posts\/800\/revisions\/803"}],"wp:attachment":[{"href":"http:\/\/blog.aich.de\/index.php?rest_route=%2Fwp%2Fv2%2Fmedia&parent=800"}],"wp:term":[{"taxonomy":"category","embeddable":true,"href":"http:\/\/blog.aich.de\/index.php?rest_route=%2Fwp%2Fv2%2Fcategories&post=800"},{"taxonomy":"post_tag","embeddable":true,"href":"http:\/\/blog.aich.de\/index.php?rest_route=%2Fwp%2Fv2%2Ftags&post=800"}],"curies":[{"name":"wp","href":"https:\/\/api.w.org\/{rel}","templated":true}]}}