{"id":877,"date":"2016-09-12T12:31:02","date_gmt":"2016-09-12T11:31:02","guid":{"rendered":"http:\/\/blog.aich.de\/?p=877"},"modified":"2016-09-12T12:33:59","modified_gmt":"2016-09-12T11:33:59","slug":"11-9-2016-e-mobiltreffen-waiblingen","status":"publish","type":"post","link":"http:\/\/blog.aich.de\/?p=877","title":{"rendered":"11.9.2016 E-Mobiltreffen Waiblingen"},"content":{"rendered":"<p>Wie bereits 2015 fad auch 2016 ein E-Mobiltreffen in Waiblingen statt.<\/p>\n<p>&nbsp;<\/p>\n<p>Zitat aus der Einladung:<\/p>\n<p><em>Am 11.9.2016 von 11 bis 17 Uhr dreht sich bei der Energieagentur Rems-Murr alles um die pers\u00f6nliche Energiewende.<\/em><br \/>\n<em>Ganzt\u00e4giges E-Mobiltreffen mit Vortr\u00e4gen, Rundgang, E-Fahrer\/innen Stammtisch und vielen interessierten Besuchern.<\/em><\/p>\n<p><em>Vortr\u00e4ge:<\/em><br \/>\n<em>Elektromobilit\u00e4t; Eigenstromerzeugung, Eigenstromnutzung, Stromspeicher, energetische Geb\u00e4udemodernisierung und weitere Themen.<\/em><\/p>\n<p><em>10.9.2016 E-Mobil Handwerker Bruch von 8 bis 10 Uhr (Anmeldung erforderlich)<\/em><br \/>\n<em>\u2022 Impulsvortr\u00e4ge E-Mobilit\u00e4t<\/em><br \/>\n<em>\u2022 Erfahrungsaustausch<\/em><br \/>\n<em>\u2022 Kurz Probefahrten \/ Mitfahrten<\/em><\/p>\n<p><em>11.9.2016 E-Mobiltreffen der Energieagentur im Rahmen des Eisentaltags<\/em><br \/>\n<em>\u2022 E-Mobilschau 11 bis 17 Uhr<\/em><br \/>\n<em>\u2022 Vortr\u00e4ge in der Energieagentur<\/em><br \/>\n<em>\u2022 Infost\u00e4nde \u201ePers\u00f6nliche Energiewende\u201c<\/em><br \/>\n<em>\u2022 E-Auto Mitfahrten (Das w\u00e4re Euer Part)<\/em><br \/>\n<em>\u2022 E-Autotreffen<\/em><\/p>\n<p>(Zitat Ende)<\/p>\n<p>Ich war am Sonntag ab ca. 11 Uhr vor Ort. Es waren permanent ca. 30 E-Fahrzeuge zu &#8218;bestaunen&#8216;, was viele der Besucher auch getan haben. Das Treffen war in den &#8218;Eisentaltag&#8216; (einer Pr\u00e4sentation des Gewerbegebiets und der dort ans\u00e4ssigen Firmen) eingebunden. Dementsprechend waren viele &#8218;Nicht-E-Fahrer&#8216; anzutreffen.<br \/>\nDie Themen der Gespr\u00e4che sind immer noch die Gleichen (Preis, Reichweite, wie lade ich auf). Insgesamt hatte ich jedoch das Gef\u00fchl, dass die Skepsis gegen\u00fcber den E-Fahrzeugen nicht mehr so stark ausgepr\u00e4gt ist. Langsam scheint es so zu sein, dass f\u00fcr einige Menschen ein E-Fahrzeug doch eine Alternative sein k\u00f6nnte. Von einem Durchbruch kann man sicherlich nicht sprechen, aber es geht in die richtige Richtung.<\/p>\n<p>An dieser Stelle auch nochmals ein Dank an die Organisatoren, die wieder einen tollen Job gemacht haben.<\/p>\n<p>&nbsp;<\/p>\n<p>Leider gibt es nur ein paar wenige Fotos. Es waren einfach zu viel Gespr\u00e4che und zu wenig Zeit zum fotografieren.<\/p>\n<p><a href=\"http:\/\/blog.aich.de\/wp-content\/uploads\/2016\/09\/IMG_6278.jpg\"><img loading=\"lazy\" decoding=\"async\" class=\"alignnone size-medium wp-image-878\" src=\"http:\/\/blog.aich.de\/wp-content\/uploads\/2016\/09\/IMG_6278-300x200.jpg\" alt=\"img_6278\" width=\"300\" height=\"200\" srcset=\"http:\/\/blog.aich.de\/wp-content\/uploads\/2016\/09\/IMG_6278-300x200.jpg 300w, http:\/\/blog.aich.de\/wp-content\/uploads\/2016\/09\/IMG_6278-768x512.jpg 768w, http:\/\/blog.aich.de\/wp-content\/uploads\/2016\/09\/IMG_6278-1024x683.jpg 1024w, http:\/\/blog.aich.de\/wp-content\/uploads\/2016\/09\/IMG_6278.jpg 1620w\" sizes=\"auto, (max-width: 300px) 100vw, 300px\" \/><\/a> <a href=\"http:\/\/blog.aich.de\/wp-content\/uploads\/2016\/09\/IMG_6279.jpg\"><img loading=\"lazy\" decoding=\"async\" class=\"alignnone size-medium wp-image-879\" src=\"http:\/\/blog.aich.de\/wp-content\/uploads\/2016\/09\/IMG_6279-300x200.jpg\" alt=\"img_6279\" width=\"300\" height=\"200\" srcset=\"http:\/\/blog.aich.de\/wp-content\/uploads\/2016\/09\/IMG_6279-300x200.jpg 300w, http:\/\/blog.aich.de\/wp-content\/uploads\/2016\/09\/IMG_6279-768x512.jpg 768w, http:\/\/blog.aich.de\/wp-content\/uploads\/2016\/09\/IMG_6279-1024x683.jpg 1024w, http:\/\/blog.aich.de\/wp-content\/uploads\/2016\/09\/IMG_6279.jpg 1620w\" sizes=\"auto, (max-width: 300px) 100vw, 300px\" \/><\/a> <a href=\"http:\/\/blog.aich.de\/wp-content\/uploads\/2016\/09\/IMG_6283.jpg\"><img loading=\"lazy\" decoding=\"async\" class=\"alignnone size-medium wp-image-880\" src=\"http:\/\/blog.aich.de\/wp-content\/uploads\/2016\/09\/IMG_6283-300x200.jpg\" alt=\"img_6283\" width=\"300\" height=\"200\" srcset=\"http:\/\/blog.aich.de\/wp-content\/uploads\/2016\/09\/IMG_6283-300x200.jpg 300w, http:\/\/blog.aich.de\/wp-content\/uploads\/2016\/09\/IMG_6283-768x512.jpg 768w, http:\/\/blog.aich.de\/wp-content\/uploads\/2016\/09\/IMG_6283-1024x683.jpg 1024w, http:\/\/blog.aich.de\/wp-content\/uploads\/2016\/09\/IMG_6283.jpg 1620w\" sizes=\"auto, (max-width: 300px) 100vw, 300px\" \/><\/a> <a href=\"http:\/\/blog.aich.de\/wp-content\/uploads\/2016\/09\/IMG_6284.jpg\"><img loading=\"lazy\" decoding=\"async\" class=\"alignnone size-medium wp-image-881\" src=\"http:\/\/blog.aich.de\/wp-content\/uploads\/2016\/09\/IMG_6284-300x200.jpg\" alt=\"img_6284\" width=\"300\" height=\"200\" srcset=\"http:\/\/blog.aich.de\/wp-content\/uploads\/2016\/09\/IMG_6284-300x200.jpg 300w, http:\/\/blog.aich.de\/wp-content\/uploads\/2016\/09\/IMG_6284-768x512.jpg 768w, http:\/\/blog.aich.de\/wp-content\/uploads\/2016\/09\/IMG_6284-1024x683.jpg 1024w, http:\/\/blog.aich.de\/wp-content\/uploads\/2016\/09\/IMG_6284.jpg 1620w\" sizes=\"auto, (max-width: 300px) 100vw, 300px\" \/><\/a> <a href=\"http:\/\/blog.aich.de\/wp-content\/uploads\/2016\/09\/IMG_6287.jpg\"><img loading=\"lazy\" decoding=\"async\" class=\"alignnone size-medium wp-image-882\" src=\"http:\/\/blog.aich.de\/wp-content\/uploads\/2016\/09\/IMG_6287-300x200.jpg\" alt=\"img_6287\" width=\"300\" height=\"200\" srcset=\"http:\/\/blog.aich.de\/wp-content\/uploads\/2016\/09\/IMG_6287-300x200.jpg 300w, http:\/\/blog.aich.de\/wp-content\/uploads\/2016\/09\/IMG_6287-768x512.jpg 768w, http:\/\/blog.aich.de\/wp-content\/uploads\/2016\/09\/IMG_6287-1024x683.jpg 1024w, http:\/\/blog.aich.de\/wp-content\/uploads\/2016\/09\/IMG_6287.jpg 1620w\" sizes=\"auto, (max-width: 300px) 100vw, 300px\" \/><\/a> <a href=\"http:\/\/blog.aich.de\/wp-content\/uploads\/2016\/09\/IMG_6288.jpg\"><img loading=\"lazy\" decoding=\"async\" class=\"alignnone size-medium wp-image-883\" src=\"http:\/\/blog.aich.de\/wp-content\/uploads\/2016\/09\/IMG_6288-200x300.jpg\" alt=\"img_6288\" width=\"200\" height=\"300\" srcset=\"http:\/\/blog.aich.de\/wp-content\/uploads\/2016\/09\/IMG_6288-200x300.jpg 200w, http:\/\/blog.aich.de\/wp-content\/uploads\/2016\/09\/IMG_6288-683x1024.jpg 683w, http:\/\/blog.aich.de\/wp-content\/uploads\/2016\/09\/IMG_6288.jpg 720w\" sizes=\"auto, (max-width: 200px) 100vw, 200px\" \/><\/a> <a href=\"http:\/\/blog.aich.de\/wp-content\/uploads\/2016\/09\/IMG_6292.jpg\"><img loading=\"lazy\" decoding=\"async\" class=\"alignnone size-medium wp-image-884\" src=\"http:\/\/blog.aich.de\/wp-content\/uploads\/2016\/09\/IMG_6292-300x200.jpg\" alt=\"img_6292\" width=\"300\" height=\"200\" srcset=\"http:\/\/blog.aich.de\/wp-content\/uploads\/2016\/09\/IMG_6292-300x200.jpg 300w, http:\/\/blog.aich.de\/wp-content\/uploads\/2016\/09\/IMG_6292-768x512.jpg 768w, http:\/\/blog.aich.de\/wp-content\/uploads\/2016\/09\/IMG_6292-1024x683.jpg 1024w, http:\/\/blog.aich.de\/wp-content\/uploads\/2016\/09\/IMG_6292.jpg 1620w\" sizes=\"auto, (max-width: 300px) 100vw, 300px\" \/><\/a><\/p>\n<p>&nbsp;<\/p>\n","protected":false},"excerpt":{"rendered":"<p>Wie bereits 2015 fad auch 2016 ein E-Mobiltreffen in Waiblingen statt. &nbsp; Zitat aus der Einladung: Am 11.9.2016 von 11 bis 17 Uhr dreht sich bei der Energieagentur Rems-Murr alles um die pers\u00f6nliche Energiewende. Ganzt\u00e4giges E-Mobiltreffen mit Vortr\u00e4gen, Rundgang, E-Fahrer\/innen Stammtisch und vielen interessierten Besuchern. Vortr\u00e4ge: Elektromobilit\u00e4t; Eigenstromerzeugung, Eigenstromnutzung, Stromspeicher, energetische Geb\u00e4udemodernisierung und weitere Themen. &#8230; <a title=\"11.9.2016 E-Mobiltreffen Waiblingen\" class=\"read-more\" href=\"http:\/\/blog.aich.de\/?p=877\" aria-label=\"Mehr Informationen \u00fcber 11.9.2016 E-Mobiltreffen Waiblingen\">Weiterlesen<\/a><\/p>\n","protected":false},"author":2,"featured_media":0,"comment_status":"open","ping_status":"open","sticky":false,"template":"","format":"standard","meta":{"footnotes":""},"categories":[10],"tags":[],"class_list":["post-877","post","type-post","status-publish","format-standard","hentry","category-veranstaltung"],"_links":{"self":[{"href":"http:\/\/blog.aich.de\/index.php?rest_route=\/wp\/v2\/posts\/877","targetHints":{"allow":["GET"]}}],"collection":[{"href":"http:\/\/blog.aich.de\/index.php?rest_route=\/wp\/v2\/posts"}],"about":[{"href":"http:\/\/blog.aich.de\/index.php?rest_route=\/wp\/v2\/types\/post"}],"author":[{"embeddable":true,"href":"http:\/\/blog.aich.de\/index.php?rest_route=\/wp\/v2\/users\/2"}],"replies":[{"embeddable":true,"href":"http:\/\/blog.aich.de\/index.php?rest_route=%2Fwp%2Fv2%2Fcomments&post=877"}],"version-history":[{"count":1,"href":"http:\/\/blog.aich.de\/index.php?rest_route=\/wp\/v2\/posts\/877\/revisions"}],"predecessor-version":[{"id":885,"href":"http:\/\/blog.aich.de\/index.php?rest_route=\/wp\/v2\/posts\/877\/revisions\/885"}],"wp:attachment":[{"href":"http:\/\/blog.aich.de\/index.php?rest_route=%2Fwp%2Fv2%2Fmedia&parent=877"}],"wp:term":[{"taxonomy":"category","embeddable":true,"href":"http:\/\/blog.aich.de\/index.php?rest_route=%2Fwp%2Fv2%2Fcategories&post=877"},{"taxonomy":"post_tag","embeddable":true,"href":"http:\/\/blog.aich.de\/index.php?rest_route=%2Fwp%2Fv2%2Ftags&post=877"}],"curies":[{"name":"wp","href":"https:\/\/api.w.org\/{rel}","templated":true}]}}