{"id":886,"date":"2016-09-12T12:43:01","date_gmt":"2016-09-12T11:43:01","guid":{"rendered":"http:\/\/blog.aich.de\/?p=886"},"modified":"2016-09-12T12:43:01","modified_gmt":"2016-09-12T11:43:01","slug":"12-9-2016-einweihung-ladesaeule-neustadt-an-der-weinstrasse","status":"publish","type":"post","link":"http:\/\/blog.aich.de\/?p=886","title":{"rendered":"12.9.2016 Einweihung Lades\u00e4ule Neustadt an der Weinstra\u00dfe"},"content":{"rendered":"<p>Wieder ein weiterer Schritt in Richtung &#8218;Elektromobilit\u00e4t&#8216;.<\/p>\n<p>Auf dem Gel\u00e4nde des <a href=\"http:\/\/www.globus.de\/de\/maerkte\/neustadt\/willkommen.html\" target=\"_blank\">&#8218;GLOBUS&#8216;<\/a> wurde heute eine weitere Lades\u00e4ule in Neustadt a.d. Weinstra\u00dfe er\u00f6ffnet.<br \/>\nDie S\u00e4ule bietet die M\u00f6glichkeit 2 Fahrzeuge mit jeweils bis zu 22 kW Leistung mit Strom zu versorgen. Die S\u00e4ule ist rund um die Uhr verf\u00fcgbar (somit auch au\u00dferhalb der \u00d6ffnungszeiten). Die Abrechnung der S\u00e4ule erfolgt \u00fcber RWE, d.h. am Besten per Smartphone App.<\/p>\n<p>Weitere Informationen zur S\u00e4ule finden sich auch im Stromtankstellenverzeichnis von goingelectric.de: <a href=\"http:\/\/www.goingelectric.de\/stromtankstellen\/Deutschland\/Neustadt-an-der-Weinstrasse\/SWN-Ladesaeule-Adolf-Kolping-Strasse-173\/16532\/\" target=\"_blank\">Link<\/a><\/p>\n<p>An dieser Stelle vielen Dank an die Stadt Neustadt, die \u00f6rtlichen Stadtwerke und nat\u00fcrlich an die Verantwortlichen bei GLOBUS.<\/p>\n<p><a href=\"http:\/\/blog.aich.de\/wp-content\/uploads\/2016\/09\/DSC_1230.jpg\"><img loading=\"lazy\" decoding=\"async\" class=\"alignnone size-medium wp-image-887\" src=\"http:\/\/blog.aich.de\/wp-content\/uploads\/2016\/09\/DSC_1230-300x169.jpg\" alt=\"dsc_1230\" width=\"300\" height=\"169\" srcset=\"http:\/\/blog.aich.de\/wp-content\/uploads\/2016\/09\/DSC_1230-300x169.jpg 300w, http:\/\/blog.aich.de\/wp-content\/uploads\/2016\/09\/DSC_1230-768x432.jpg 768w, http:\/\/blog.aich.de\/wp-content\/uploads\/2016\/09\/DSC_1230-1024x576.jpg 1024w, http:\/\/blog.aich.de\/wp-content\/uploads\/2016\/09\/DSC_1230.jpg 1920w\" sizes=\"auto, (max-width: 300px) 100vw, 300px\" \/><\/a> <a href=\"http:\/\/blog.aich.de\/wp-content\/uploads\/2016\/09\/IMG_6294.jpg\"><img loading=\"lazy\" decoding=\"async\" class=\"alignnone size-medium wp-image-888\" src=\"http:\/\/blog.aich.de\/wp-content\/uploads\/2016\/09\/IMG_6294-300x200.jpg\" alt=\"img_6294\" width=\"300\" height=\"200\" srcset=\"http:\/\/blog.aich.de\/wp-content\/uploads\/2016\/09\/IMG_6294-300x200.jpg 300w, http:\/\/blog.aich.de\/wp-content\/uploads\/2016\/09\/IMG_6294-768x512.jpg 768w, http:\/\/blog.aich.de\/wp-content\/uploads\/2016\/09\/IMG_6294-1024x683.jpg 1024w, http:\/\/blog.aich.de\/wp-content\/uploads\/2016\/09\/IMG_6294.jpg 1620w\" sizes=\"auto, (max-width: 300px) 100vw, 300px\" \/><\/a> <a href=\"http:\/\/blog.aich.de\/wp-content\/uploads\/2016\/09\/IMG_6307.jpg\"><img loading=\"lazy\" decoding=\"async\" class=\"alignnone size-medium wp-image-889\" src=\"http:\/\/blog.aich.de\/wp-content\/uploads\/2016\/09\/IMG_6307-200x300.jpg\" alt=\"img_6307\" width=\"200\" height=\"300\" srcset=\"http:\/\/blog.aich.de\/wp-content\/uploads\/2016\/09\/IMG_6307-200x300.jpg 200w, http:\/\/blog.aich.de\/wp-content\/uploads\/2016\/09\/IMG_6307-683x1024.jpg 683w, http:\/\/blog.aich.de\/wp-content\/uploads\/2016\/09\/IMG_6307.jpg 720w\" sizes=\"auto, (max-width: 200px) 100vw, 200px\" \/><\/a> <a href=\"http:\/\/blog.aich.de\/wp-content\/uploads\/2016\/09\/IMG_6312.jpg\"><img loading=\"lazy\" decoding=\"async\" class=\"alignnone size-medium wp-image-890\" src=\"http:\/\/blog.aich.de\/wp-content\/uploads\/2016\/09\/IMG_6312-300x200.jpg\" alt=\"img_6312\" width=\"300\" height=\"200\" srcset=\"http:\/\/blog.aich.de\/wp-content\/uploads\/2016\/09\/IMG_6312-300x200.jpg 300w, http:\/\/blog.aich.de\/wp-content\/uploads\/2016\/09\/IMG_6312-768x512.jpg 768w, http:\/\/blog.aich.de\/wp-content\/uploads\/2016\/09\/IMG_6312-1024x683.jpg 1024w, http:\/\/blog.aich.de\/wp-content\/uploads\/2016\/09\/IMG_6312.jpg 1620w\" sizes=\"auto, (max-width: 300px) 100vw, 300px\" \/><\/a> <a href=\"http:\/\/blog.aich.de\/wp-content\/uploads\/2016\/09\/IMG_6317.jpg\"><img loading=\"lazy\" decoding=\"async\" class=\"alignnone size-medium wp-image-891\" src=\"http:\/\/blog.aich.de\/wp-content\/uploads\/2016\/09\/IMG_6317-300x200.jpg\" alt=\"img_6317\" width=\"300\" height=\"200\" srcset=\"http:\/\/blog.aich.de\/wp-content\/uploads\/2016\/09\/IMG_6317-300x200.jpg 300w, http:\/\/blog.aich.de\/wp-content\/uploads\/2016\/09\/IMG_6317-768x512.jpg 768w, http:\/\/blog.aich.de\/wp-content\/uploads\/2016\/09\/IMG_6317-1024x683.jpg 1024w, http:\/\/blog.aich.de\/wp-content\/uploads\/2016\/09\/IMG_6317.jpg 1620w\" sizes=\"auto, (max-width: 300px) 100vw, 300px\" \/><\/a><\/p>\n","protected":false},"excerpt":{"rendered":"<p>Wieder ein weiterer Schritt in Richtung &#8218;Elektromobilit\u00e4t&#8216;. Auf dem Gel\u00e4nde des &#8218;GLOBUS&#8216; wurde heute eine weitere Lades\u00e4ule in Neustadt a.d. Weinstra\u00dfe er\u00f6ffnet. Die S\u00e4ule bietet die M\u00f6glichkeit 2 Fahrzeuge mit jeweils bis zu 22 kW Leistung mit Strom zu versorgen. Die S\u00e4ule ist rund um die Uhr verf\u00fcgbar (somit auch au\u00dferhalb der \u00d6ffnungszeiten). Die Abrechnung &#8230; <a title=\"12.9.2016 Einweihung Lades\u00e4ule Neustadt an der Weinstra\u00dfe\" class=\"read-more\" href=\"http:\/\/blog.aich.de\/?p=886\" aria-label=\"Mehr Informationen \u00fcber 12.9.2016 Einweihung Lades\u00e4ule Neustadt an der Weinstra\u00dfe\">Weiterlesen<\/a><\/p>\n","protected":false},"author":2,"featured_media":0,"comment_status":"open","ping_status":"open","sticky":false,"template":"","format":"standard","meta":{"footnotes":""},"categories":[9,8,10],"tags":[],"class_list":["post-886","post","type-post","status-publish","format-standard","hentry","category-laden","category-technik","category-veranstaltung"],"_links":{"self":[{"href":"http:\/\/blog.aich.de\/index.php?rest_route=\/wp\/v2\/posts\/886","targetHints":{"allow":["GET"]}}],"collection":[{"href":"http:\/\/blog.aich.de\/index.php?rest_route=\/wp\/v2\/posts"}],"about":[{"href":"http:\/\/blog.aich.de\/index.php?rest_route=\/wp\/v2\/types\/post"}],"author":[{"embeddable":true,"href":"http:\/\/blog.aich.de\/index.php?rest_route=\/wp\/v2\/users\/2"}],"replies":[{"embeddable":true,"href":"http:\/\/blog.aich.de\/index.php?rest_route=%2Fwp%2Fv2%2Fcomments&post=886"}],"version-history":[{"count":1,"href":"http:\/\/blog.aich.de\/index.php?rest_route=\/wp\/v2\/posts\/886\/revisions"}],"predecessor-version":[{"id":892,"href":"http:\/\/blog.aich.de\/index.php?rest_route=\/wp\/v2\/posts\/886\/revisions\/892"}],"wp:attachment":[{"href":"http:\/\/blog.aich.de\/index.php?rest_route=%2Fwp%2Fv2%2Fmedia&parent=886"}],"wp:term":[{"taxonomy":"category","embeddable":true,"href":"http:\/\/blog.aich.de\/index.php?rest_route=%2Fwp%2Fv2%2Fcategories&post=886"},{"taxonomy":"post_tag","embeddable":true,"href":"http:\/\/blog.aich.de\/index.php?rest_route=%2Fwp%2Fv2%2Ftags&post=886"}],"curies":[{"name":"wp","href":"https:\/\/api.w.org\/{rel}","templated":true}]}}