{"id":894,"date":"2016-09-15T08:54:29","date_gmt":"2016-09-15T07:54:29","guid":{"rendered":"http:\/\/blog.aich.de\/?p=894"},"modified":"2016-09-15T08:54:29","modified_gmt":"2016-09-15T07:54:29","slug":"eruda-2016-der-countdown-laeuft","status":"publish","type":"post","link":"http:\/\/blog.aich.de\/?p=894","title":{"rendered":"eRUDA 2016 &#8211; der Countdown l\u00e4uft"},"content":{"rendered":"<p>Auch 2016 steht die eRUDA wieder auf dem Programm. Alleine das i-Team besteht aus 9 Fahrzeugen. Insgesamt sind (mit Stand 15.9.) fast 130 Fahrzeuge bei der eRUDA.<br \/>\nDieses Jahr gibt es wieder eine &#8218;Challenge&#8216;, also eine gr\u00f6\u00dfere Rundstrecke. Diese f\u00fchrt nach Neuschwanstein und Garmisch-Partenkirchen (insgesamt ca. 250 km).<\/p>\n<p>Wer Zeit hat &#8211; ab nach Bayern und die Elektromobilit\u00e4t unterst\u00fctzen.<\/p>\n<p><a href=\"http:\/\/www.eruda.de\" rel=\"dofollow\"><br \/>\n<img decoding=\"async\" title=\"eRUDA \u2013 gr\u00f6\u00dfte eRallye Deutschlands | Banner 600\u00d7200\" src=\"http:\/\/www.eruda.de\/wp-content\/uploads\/E-Mail-Banner-eRUDA-2016.png\" alt=\"www.eRUDA.de \u2013 gr\u00f6\u00dfte eRallye Deutschlands\" width=\"600\" border=\"0\" \/><br \/>\n<\/a><\/p>\n","protected":false},"excerpt":{"rendered":"<p>Auch 2016 steht die eRUDA wieder auf dem Programm. Alleine das i-Team besteht aus 9 Fahrzeugen. Insgesamt sind (mit Stand 15.9.) fast 130 Fahrzeuge bei der eRUDA. Dieses Jahr gibt es wieder eine &#8218;Challenge&#8216;, also eine gr\u00f6\u00dfere Rundstrecke. Diese f\u00fchrt nach Neuschwanstein und Garmisch-Partenkirchen (insgesamt ca. 250 km). Wer Zeit hat &#8211; ab nach Bayern &#8230; <a title=\"eRUDA 2016 &#8211; der Countdown l\u00e4uft\" class=\"read-more\" href=\"http:\/\/blog.aich.de\/?p=894\" aria-label=\"Mehr Informationen \u00fcber eRUDA 2016 &#8211; der Countdown l\u00e4uft\">Weiterlesen<\/a><\/p>\n","protected":false},"author":2,"featured_media":0,"comment_status":"open","ping_status":"open","sticky":false,"template":"","format":"standard","meta":{"footnotes":""},"categories":[10],"tags":[],"class_list":["post-894","post","type-post","status-publish","format-standard","hentry","category-veranstaltung"],"_links":{"self":[{"href":"http:\/\/blog.aich.de\/index.php?rest_route=\/wp\/v2\/posts\/894","targetHints":{"allow":["GET"]}}],"collection":[{"href":"http:\/\/blog.aich.de\/index.php?rest_route=\/wp\/v2\/posts"}],"about":[{"href":"http:\/\/blog.aich.de\/index.php?rest_route=\/wp\/v2\/types\/post"}],"author":[{"embeddable":true,"href":"http:\/\/blog.aich.de\/index.php?rest_route=\/wp\/v2\/users\/2"}],"replies":[{"embeddable":true,"href":"http:\/\/blog.aich.de\/index.php?rest_route=%2Fwp%2Fv2%2Fcomments&post=894"}],"version-history":[{"count":2,"href":"http:\/\/blog.aich.de\/index.php?rest_route=\/wp\/v2\/posts\/894\/revisions"}],"predecessor-version":[{"id":896,"href":"http:\/\/blog.aich.de\/index.php?rest_route=\/wp\/v2\/posts\/894\/revisions\/896"}],"wp:attachment":[{"href":"http:\/\/blog.aich.de\/index.php?rest_route=%2Fwp%2Fv2%2Fmedia&parent=894"}],"wp:term":[{"taxonomy":"category","embeddable":true,"href":"http:\/\/blog.aich.de\/index.php?rest_route=%2Fwp%2Fv2%2Fcategories&post=894"},{"taxonomy":"post_tag","embeddable":true,"href":"http:\/\/blog.aich.de\/index.php?rest_route=%2Fwp%2Fv2%2Ftags&post=894"}],"curies":[{"name":"wp","href":"https:\/\/api.w.org\/{rel}","templated":true}]}}