{"id":898,"date":"2016-09-26T18:09:51","date_gmt":"2016-09-26T17:09:51","guid":{"rendered":"http:\/\/blog.aich.de\/?p=898"},"modified":"2016-09-26T18:09:51","modified_gmt":"2016-09-26T17:09:51","slug":"eruda-2016-tag-1","status":"publish","type":"post","link":"http:\/\/blog.aich.de\/?p=898","title":{"rendered":"eRUDA 2016 &#8211; Tag 1"},"content":{"rendered":"<p>Auch 2016 gab es wieder eine eRUDA &#8211; &#8218;elektrisch rund um den Ammersee&#8216;. Wie die letzten beiden Jahre bin ich wieder am Freitag angereist. Dank gr\u00f6\u00dferer Batterie in meinem i3 und deutlich besserer Ladeinfrastruktur war die Fahrt kein Problem.<\/p>\n<p>Erster Zwischenstopp war der Schnelllader in Gruibingen, direkt an der A8. Hier lagen 114 km hinter mir und knapp 80 km vor mir zum n\u00e4chsten Schnelllader. Die Reichweite w\u00e4re ausreichend gewesen um auf diesen Stopp zu verzichten &#8211; aber sicher ist sicher. Nach ca. 10 Minuten Laden ging es weiter. Bereits hier war ein weiterer Teilnehmer der eRUDA an der Lades\u00e4ule, der gerade seinen Ladevorgang beendete.<\/p>\n<p>N\u00e4chster Zwischenstopp: Schnelllader in Jettingen-Scheppach. Hier habe ich etwas l\u00e4nger geladen. Bis F\u00fcrstenfeldbruck, dem &#8218;Fahrerlager&#8216; der eRUDA sind es von hier noch ca. 90 km. Am Lader war richtig &#8218;Betrieb&#8216;. Neben meinem i3 stand noch ein weiterer i3 (dem Fahrer konnte ich noch etwas unterst\u00fctzen, da er (noch) nicht richtig mit dem Fahrzeug und den Ladem\u00f6glichkeiten vertraut war) und ein Kia Soul &#8211; ebenfalls ein Teilnehmer der eRUDA.<\/p>\n<p>Der Rest der Fahrt war dann ebenfalls kein Problem. Erster Anlaufpunkt war das Hotel in einem Nachbarort von F\u00fcrstenfeldbruck. Insgesamt war ich knapp \u00fcber 4 Stunden (inkl. Ladepausen) unterwegs. Im Vergleich zu den Jahren 2015 und 2014 war das eine deutliche Verbesserung. Der gr\u00f6\u00dfte Vorteil war die Verf\u00fcgbarkeit der Schnelllader, diese waren in den Jahren zuvor noch gar nicht vorhanden.<br \/>\nZum Vergleich: 2015 stand ich alleine schon 90 Minuten in G\u00fcnzburg zum Laden.<\/p>\n<p>Danach ging es zum Fahrerlager nach F\u00fcrstenfeldbruck. Dort trafen nach und nach die anderen Teammitglieder ein. Bei den anderen Teams war ebenfalls das ein oder andere bekannte Gesicht zu sehen. Wie immer ergaben sich unterhaltsame Gespr\u00e4che.<br \/>\nAls Rahmenprogramm gab es noch verschiedene Vortr\u00e4ge rund um das Thema Elektromobilit\u00e4t.<\/p>\n<p>Schade war, dass an den uns zugewiesenen Pl\u00e4tzen nur &#8217;normale&#8216; Steckdosen zur Verf\u00fcgung standen, das hatte ich aus den Jahren zuvor anders in Erinnerung. Weiterhin waren am Freitag nicht so viele Fahrzeuge vor Ort. Das war 2015 ganz anders.<\/p>\n<p>Abends ging es dann mit den anderen Teammitgliedern zum gemeinsamen Essen. Nach einem langen Tag ging es danach wieder ins Hotel. Am Hotel direkt konnte ich nicht laden, aber ca. 100 m entfernt stand eine \u00f6ffentliche Lades\u00e4ule.<\/p>\n<p><a href=\"http:\/\/blog.aich.de\/wp-content\/uploads\/2016\/09\/IMG_6505.jpg\"><img loading=\"lazy\" decoding=\"async\" class=\"alignnone size-medium wp-image-899\" src=\"http:\/\/blog.aich.de\/wp-content\/uploads\/2016\/09\/IMG_6505-300x200.jpg\" alt=\"img_6505\" width=\"300\" height=\"200\" srcset=\"http:\/\/blog.aich.de\/wp-content\/uploads\/2016\/09\/IMG_6505-300x200.jpg 300w, http:\/\/blog.aich.de\/wp-content\/uploads\/2016\/09\/IMG_6505-768x512.jpg 768w, http:\/\/blog.aich.de\/wp-content\/uploads\/2016\/09\/IMG_6505-1024x683.jpg 1024w, http:\/\/blog.aich.de\/wp-content\/uploads\/2016\/09\/IMG_6505.jpg 1620w\" sizes=\"auto, (max-width: 300px) 100vw, 300px\" \/><\/a> <a href=\"http:\/\/blog.aich.de\/wp-content\/uploads\/2016\/09\/IMG_6509.jpg\"><img loading=\"lazy\" decoding=\"async\" class=\"alignnone size-medium wp-image-900\" src=\"http:\/\/blog.aich.de\/wp-content\/uploads\/2016\/09\/IMG_6509-300x200.jpg\" alt=\"img_6509\" width=\"300\" height=\"200\" srcset=\"http:\/\/blog.aich.de\/wp-content\/uploads\/2016\/09\/IMG_6509-300x200.jpg 300w, http:\/\/blog.aich.de\/wp-content\/uploads\/2016\/09\/IMG_6509-768x512.jpg 768w, http:\/\/blog.aich.de\/wp-content\/uploads\/2016\/09\/IMG_6509-1024x683.jpg 1024w, http:\/\/blog.aich.de\/wp-content\/uploads\/2016\/09\/IMG_6509.jpg 1620w\" sizes=\"auto, (max-width: 300px) 100vw, 300px\" \/><\/a> <a href=\"http:\/\/blog.aich.de\/wp-content\/uploads\/2016\/09\/IMG_6517.jpg\"><img loading=\"lazy\" decoding=\"async\" class=\"alignnone size-medium wp-image-901\" src=\"http:\/\/blog.aich.de\/wp-content\/uploads\/2016\/09\/IMG_6517-300x200.jpg\" alt=\"img_6517\" width=\"300\" height=\"200\" srcset=\"http:\/\/blog.aich.de\/wp-content\/uploads\/2016\/09\/IMG_6517-300x200.jpg 300w, http:\/\/blog.aich.de\/wp-content\/uploads\/2016\/09\/IMG_6517-768x512.jpg 768w, http:\/\/blog.aich.de\/wp-content\/uploads\/2016\/09\/IMG_6517-1024x683.jpg 1024w, http:\/\/blog.aich.de\/wp-content\/uploads\/2016\/09\/IMG_6517.jpg 1620w\" sizes=\"auto, (max-width: 300px) 100vw, 300px\" \/><\/a> <a href=\"http:\/\/blog.aich.de\/wp-content\/uploads\/2016\/09\/IMG_6519.jpg\"><img loading=\"lazy\" decoding=\"async\" class=\"alignnone size-medium wp-image-902\" src=\"http:\/\/blog.aich.de\/wp-content\/uploads\/2016\/09\/IMG_6519-300x200.jpg\" alt=\"img_6519\" width=\"300\" height=\"200\" srcset=\"http:\/\/blog.aich.de\/wp-content\/uploads\/2016\/09\/IMG_6519-300x200.jpg 300w, http:\/\/blog.aich.de\/wp-content\/uploads\/2016\/09\/IMG_6519-768x512.jpg 768w, http:\/\/blog.aich.de\/wp-content\/uploads\/2016\/09\/IMG_6519-1024x683.jpg 1024w, http:\/\/blog.aich.de\/wp-content\/uploads\/2016\/09\/IMG_6519.jpg 1620w\" sizes=\"auto, (max-width: 300px) 100vw, 300px\" \/><\/a> <a href=\"http:\/\/blog.aich.de\/wp-content\/uploads\/2016\/09\/IMG_6520.jpg\"><img loading=\"lazy\" decoding=\"async\" class=\"alignnone size-medium wp-image-903\" src=\"http:\/\/blog.aich.de\/wp-content\/uploads\/2016\/09\/IMG_6520-200x300.jpg\" alt=\"img_6520\" width=\"200\" height=\"300\" srcset=\"http:\/\/blog.aich.de\/wp-content\/uploads\/2016\/09\/IMG_6520-200x300.jpg 200w, http:\/\/blog.aich.de\/wp-content\/uploads\/2016\/09\/IMG_6520-683x1024.jpg 683w, http:\/\/blog.aich.de\/wp-content\/uploads\/2016\/09\/IMG_6520.jpg 720w\" sizes=\"auto, (max-width: 200px) 100vw, 200px\" \/><\/a> <a href=\"http:\/\/blog.aich.de\/wp-content\/uploads\/2016\/09\/IMG_6521.jpg\"><img loading=\"lazy\" decoding=\"async\" class=\"alignnone size-medium wp-image-904\" src=\"http:\/\/blog.aich.de\/wp-content\/uploads\/2016\/09\/IMG_6521-300x200.jpg\" alt=\"img_6521\" width=\"300\" height=\"200\" srcset=\"http:\/\/blog.aich.de\/wp-content\/uploads\/2016\/09\/IMG_6521-300x200.jpg 300w, http:\/\/blog.aich.de\/wp-content\/uploads\/2016\/09\/IMG_6521-768x512.jpg 768w, http:\/\/blog.aich.de\/wp-content\/uploads\/2016\/09\/IMG_6521-1024x683.jpg 1024w, http:\/\/blog.aich.de\/wp-content\/uploads\/2016\/09\/IMG_6521.jpg 1620w\" sizes=\"auto, (max-width: 300px) 100vw, 300px\" \/><\/a> <a href=\"http:\/\/blog.aich.de\/wp-content\/uploads\/2016\/09\/IMG_6522.jpg\"><img loading=\"lazy\" decoding=\"async\" class=\"alignnone size-medium wp-image-905\" src=\"http:\/\/blog.aich.de\/wp-content\/uploads\/2016\/09\/IMG_6522-300x200.jpg\" alt=\"img_6522\" width=\"300\" height=\"200\" srcset=\"http:\/\/blog.aich.de\/wp-content\/uploads\/2016\/09\/IMG_6522-300x200.jpg 300w, http:\/\/blog.aich.de\/wp-content\/uploads\/2016\/09\/IMG_6522-768x512.jpg 768w, http:\/\/blog.aich.de\/wp-content\/uploads\/2016\/09\/IMG_6522-1024x683.jpg 1024w, http:\/\/blog.aich.de\/wp-content\/uploads\/2016\/09\/IMG_6522.jpg 1620w\" sizes=\"auto, (max-width: 300px) 100vw, 300px\" \/><\/a> <a href=\"http:\/\/blog.aich.de\/wp-content\/uploads\/2016\/09\/IMG_6523.jpg\"><img loading=\"lazy\" decoding=\"async\" class=\"alignnone size-medium wp-image-906\" src=\"http:\/\/blog.aich.de\/wp-content\/uploads\/2016\/09\/IMG_6523-200x300.jpg\" alt=\"img_6523\" width=\"200\" height=\"300\" srcset=\"http:\/\/blog.aich.de\/wp-content\/uploads\/2016\/09\/IMG_6523-200x300.jpg 200w, http:\/\/blog.aich.de\/wp-content\/uploads\/2016\/09\/IMG_6523-683x1024.jpg 683w, http:\/\/blog.aich.de\/wp-content\/uploads\/2016\/09\/IMG_6523.jpg 720w\" sizes=\"auto, (max-width: 200px) 100vw, 200px\" \/><\/a> <a href=\"http:\/\/blog.aich.de\/wp-content\/uploads\/2016\/09\/IMG_6524.jpg\"><img loading=\"lazy\" decoding=\"async\" class=\"alignnone size-medium wp-image-907\" src=\"http:\/\/blog.aich.de\/wp-content\/uploads\/2016\/09\/IMG_6524-300x200.jpg\" alt=\"img_6524\" width=\"300\" height=\"200\" srcset=\"http:\/\/blog.aich.de\/wp-content\/uploads\/2016\/09\/IMG_6524-300x200.jpg 300w, http:\/\/blog.aich.de\/wp-content\/uploads\/2016\/09\/IMG_6524-768x512.jpg 768w, http:\/\/blog.aich.de\/wp-content\/uploads\/2016\/09\/IMG_6524-1024x683.jpg 1024w, http:\/\/blog.aich.de\/wp-content\/uploads\/2016\/09\/IMG_6524.jpg 1620w\" sizes=\"auto, (max-width: 300px) 100vw, 300px\" \/><\/a> <a href=\"http:\/\/blog.aich.de\/wp-content\/uploads\/2016\/09\/IMG_6525.jpg\"><img loading=\"lazy\" decoding=\"async\" class=\"alignnone size-medium wp-image-908\" src=\"http:\/\/blog.aich.de\/wp-content\/uploads\/2016\/09\/IMG_6525-300x200.jpg\" alt=\"img_6525\" width=\"300\" height=\"200\" srcset=\"http:\/\/blog.aich.de\/wp-content\/uploads\/2016\/09\/IMG_6525-300x200.jpg 300w, http:\/\/blog.aich.de\/wp-content\/uploads\/2016\/09\/IMG_6525-768x512.jpg 768w, http:\/\/blog.aich.de\/wp-content\/uploads\/2016\/09\/IMG_6525-1024x683.jpg 1024w, http:\/\/blog.aich.de\/wp-content\/uploads\/2016\/09\/IMG_6525.jpg 1620w\" sizes=\"auto, (max-width: 300px) 100vw, 300px\" \/><\/a> <a href=\"http:\/\/blog.aich.de\/wp-content\/uploads\/2016\/09\/IMG_6526.jpg\"><img loading=\"lazy\" decoding=\"async\" class=\"alignnone size-medium wp-image-909\" src=\"http:\/\/blog.aich.de\/wp-content\/uploads\/2016\/09\/IMG_6526-300x200.jpg\" alt=\"img_6526\" width=\"300\" height=\"200\" srcset=\"http:\/\/blog.aich.de\/wp-content\/uploads\/2016\/09\/IMG_6526-300x200.jpg 300w, http:\/\/blog.aich.de\/wp-content\/uploads\/2016\/09\/IMG_6526-768x512.jpg 768w, http:\/\/blog.aich.de\/wp-content\/uploads\/2016\/09\/IMG_6526-1024x683.jpg 1024w, http:\/\/blog.aich.de\/wp-content\/uploads\/2016\/09\/IMG_6526.jpg 1620w\" sizes=\"auto, (max-width: 300px) 100vw, 300px\" \/><\/a> <a href=\"http:\/\/blog.aich.de\/wp-content\/uploads\/2016\/09\/IMG_6538.jpg\"><img loading=\"lazy\" decoding=\"async\" class=\"alignnone size-medium wp-image-910\" src=\"http:\/\/blog.aich.de\/wp-content\/uploads\/2016\/09\/IMG_6538-300x200.jpg\" alt=\"img_6538\" width=\"300\" height=\"200\" srcset=\"http:\/\/blog.aich.de\/wp-content\/uploads\/2016\/09\/IMG_6538-300x200.jpg 300w, http:\/\/blog.aich.de\/wp-content\/uploads\/2016\/09\/IMG_6538-768x512.jpg 768w, http:\/\/blog.aich.de\/wp-content\/uploads\/2016\/09\/IMG_6538-1024x683.jpg 1024w, http:\/\/blog.aich.de\/wp-content\/uploads\/2016\/09\/IMG_6538.jpg 1620w\" sizes=\"auto, (max-width: 300px) 100vw, 300px\" \/><\/a> <a href=\"http:\/\/blog.aich.de\/wp-content\/uploads\/2016\/09\/IMG_6539.jpg\"><img loading=\"lazy\" decoding=\"async\" class=\"alignnone size-medium wp-image-911\" src=\"http:\/\/blog.aich.de\/wp-content\/uploads\/2016\/09\/IMG_6539-300x200.jpg\" alt=\"img_6539\" width=\"300\" height=\"200\" srcset=\"http:\/\/blog.aich.de\/wp-content\/uploads\/2016\/09\/IMG_6539-300x200.jpg 300w, http:\/\/blog.aich.de\/wp-content\/uploads\/2016\/09\/IMG_6539-768x512.jpg 768w, http:\/\/blog.aich.de\/wp-content\/uploads\/2016\/09\/IMG_6539-1024x683.jpg 1024w, http:\/\/blog.aich.de\/wp-content\/uploads\/2016\/09\/IMG_6539.jpg 1620w\" sizes=\"auto, (max-width: 300px) 100vw, 300px\" \/><\/a><\/p>\n","protected":false},"excerpt":{"rendered":"<p>Auch 2016 gab es wieder eine eRUDA &#8211; &#8218;elektrisch rund um den Ammersee&#8216;. Wie die letzten beiden Jahre bin ich wieder am Freitag angereist. Dank gr\u00f6\u00dferer Batterie in meinem i3 und deutlich besserer Ladeinfrastruktur war die Fahrt kein Problem. Erster Zwischenstopp war der Schnelllader in Gruibingen, direkt an der A8. Hier lagen 114 km hinter &#8230; <a title=\"eRUDA 2016 &#8211; Tag 1\" class=\"read-more\" href=\"http:\/\/blog.aich.de\/?p=898\" aria-label=\"Mehr Informationen \u00fcber eRUDA 2016 &#8211; Tag 1\">Weiterlesen<\/a><\/p>\n","protected":false},"author":2,"featured_media":0,"comment_status":"open","ping_status":"open","sticky":false,"template":"","format":"standard","meta":{"footnotes":""},"categories":[7,9,10],"tags":[],"class_list":["post-898","post","type-post","status-publish","format-standard","hentry","category-fahrbericht","category-laden","category-veranstaltung"],"_links":{"self":[{"href":"http:\/\/blog.aich.de\/index.php?rest_route=\/wp\/v2\/posts\/898","targetHints":{"allow":["GET"]}}],"collection":[{"href":"http:\/\/blog.aich.de\/index.php?rest_route=\/wp\/v2\/posts"}],"about":[{"href":"http:\/\/blog.aich.de\/index.php?rest_route=\/wp\/v2\/types\/post"}],"author":[{"embeddable":true,"href":"http:\/\/blog.aich.de\/index.php?rest_route=\/wp\/v2\/users\/2"}],"replies":[{"embeddable":true,"href":"http:\/\/blog.aich.de\/index.php?rest_route=%2Fwp%2Fv2%2Fcomments&post=898"}],"version-history":[{"count":1,"href":"http:\/\/blog.aich.de\/index.php?rest_route=\/wp\/v2\/posts\/898\/revisions"}],"predecessor-version":[{"id":912,"href":"http:\/\/blog.aich.de\/index.php?rest_route=\/wp\/v2\/posts\/898\/revisions\/912"}],"wp:attachment":[{"href":"http:\/\/blog.aich.de\/index.php?rest_route=%2Fwp%2Fv2%2Fmedia&parent=898"}],"wp:term":[{"taxonomy":"category","embeddable":true,"href":"http:\/\/blog.aich.de\/index.php?rest_route=%2Fwp%2Fv2%2Fcategories&post=898"},{"taxonomy":"post_tag","embeddable":true,"href":"http:\/\/blog.aich.de\/index.php?rest_route=%2Fwp%2Fv2%2Ftags&post=898"}],"curies":[{"name":"wp","href":"https:\/\/api.w.org\/{rel}","templated":true}]}}