{"id":932,"date":"2016-09-26T21:59:04","date_gmt":"2016-09-26T20:59:04","guid":{"rendered":"http:\/\/blog.aich.de\/?p=932"},"modified":"2016-09-26T21:59:04","modified_gmt":"2016-09-26T20:59:04","slug":"eruda-2016-tag-3","status":"publish","type":"post","link":"http:\/\/blog.aich.de\/?p=932","title":{"rendered":"eRUDA 2016 &#8211; Tag 3"},"content":{"rendered":"<p>Der dritte und somit letzte Tag stand auf dem Programm. Es ging wieder fr\u00fch morgens los. Die Fahrerbesprechung war auf 8.30 festgesetzt. Das war aber nicht zu schaffen, Fr\u00fchst\u00fcck, Hotel abrechnen und nach F\u00fcrstenfeldbruck fahren. Richtig Neues gab es anscheinend nicht in der Besprechung.<\/p>\n<p>Heute standen Weilheim und Starnberg auf dem Programm. Wieder bei strahlendem Sonnenschein ging es los. In beiden St\u00e4dten gab es reges Interesse an den Fahrzeugen. Die &#8218;Steigerung&#8216; dazu war jedoch die R\u00fcckkehr ins Fahrerlager nach F\u00fcrstenfeldbruck. Hier war es kaum m\u00f6glich sich ein paar Minuten am Auto aufzuhalten ohne gleich in mehrere Gespr\u00e4che &#8218;verwickelt&#8216; zu sein. Das war sehr gut und zeigt, dass Interesse vorhanden ist, jedoch immer noch viele Wissensdefizite vorhanden sind.<br \/>\nInsgesamt war die Einstellung der Besucher zur Elektromobilit\u00e4t durchaus positiv zu sehen. Das war in der Vergangenheit nicht immer so. Vielleicht beginnt doch langsam aber sicher der Wandel.<\/p>\n<p>Das i-Team hat, hinter dem Team Zoe sogar den zweiten Platz erreicht &#8211; eine sehr gute Teamleistung.<\/p>\n<p>Langsam aber sicher hie\u00df es Abschied zu nehmen. Einige Teammitglieder hatten sich schon fr\u00fcher auf den langem Heimweg gemacht. Die \u00dcbrigen nutzten das gute Wetter und den Biergarten.<\/p>\n<p>Ein super Wochenende ging leider viel zu schnell vorbei. Fortsetzung folgt (hoffentlich &#8211; vermutlich).<\/p>\n<p>Die R\u00fcckfahrt sollte eigentlich kein Problem darstellen. Die Verkehrslage wurde aber irgendwie immer chaotischer. Als ich auf die A8 gefahren bin, hat as Navi bereits eine Zeitverz\u00f6gerung von 180 Minuten angezeigt. Bei Ulm stockte es dann das erste Mal richtig. Da ein zweiter i3 aus dem Team schon ein paar Kilometer vor mir unterwegs war, war ich gut informiert. Am Schnelllader in Aichen (A8)\u00a0 haben wir dann nochmals eine Pause gemacht, geladen und etwas gegessen. Das hat zwar etwas Zeit gekostet, hatte aber den Vorteil, dass sich ein paar der Staus aufgel\u00f6st hatten. Die angezeigte Verz\u00f6gerung schrumpfte auf unter 60 Minuten. Im Endeffekt waren es dann vielleicht 20-30 Minuten am Leonberger Dreieck.<\/p>\n<p>&nbsp;<\/p>\n<p><a href=\"http:\/\/blog.aich.de\/wp-content\/uploads\/2016\/09\/DSC_1237.jpg\"><img loading=\"lazy\" decoding=\"async\" class=\"alignnone size-medium wp-image-933\" src=\"http:\/\/blog.aich.de\/wp-content\/uploads\/2016\/09\/DSC_1237-300x169.jpg\" alt=\"dsc_1237\" width=\"300\" height=\"169\" srcset=\"http:\/\/blog.aich.de\/wp-content\/uploads\/2016\/09\/DSC_1237-300x169.jpg 300w, http:\/\/blog.aich.de\/wp-content\/uploads\/2016\/09\/DSC_1237-768x432.jpg 768w, http:\/\/blog.aich.de\/wp-content\/uploads\/2016\/09\/DSC_1237-1024x576.jpg 1024w, http:\/\/blog.aich.de\/wp-content\/uploads\/2016\/09\/DSC_1237.jpg 1920w\" sizes=\"auto, (max-width: 300px) 100vw, 300px\" \/><\/a> <a href=\"http:\/\/blog.aich.de\/wp-content\/uploads\/2016\/09\/DSC_1239.jpg\"><img loading=\"lazy\" decoding=\"async\" class=\"alignnone size-medium wp-image-934\" src=\"http:\/\/blog.aich.de\/wp-content\/uploads\/2016\/09\/DSC_1239-300x169.jpg\" alt=\"dsc_1239\" width=\"300\" height=\"169\" srcset=\"http:\/\/blog.aich.de\/wp-content\/uploads\/2016\/09\/DSC_1239-300x169.jpg 300w, http:\/\/blog.aich.de\/wp-content\/uploads\/2016\/09\/DSC_1239-768x432.jpg 768w, http:\/\/blog.aich.de\/wp-content\/uploads\/2016\/09\/DSC_1239-1024x576.jpg 1024w, http:\/\/blog.aich.de\/wp-content\/uploads\/2016\/09\/DSC_1239.jpg 1920w\" sizes=\"auto, (max-width: 300px) 100vw, 300px\" \/><\/a> <a href=\"http:\/\/blog.aich.de\/wp-content\/uploads\/2016\/09\/DSC_1242.jpg\"><img loading=\"lazy\" decoding=\"async\" class=\"alignnone size-medium wp-image-935\" src=\"http:\/\/blog.aich.de\/wp-content\/uploads\/2016\/09\/DSC_1242-300x169.jpg\" alt=\"dsc_1242\" width=\"300\" height=\"169\" srcset=\"http:\/\/blog.aich.de\/wp-content\/uploads\/2016\/09\/DSC_1242-300x169.jpg 300w, http:\/\/blog.aich.de\/wp-content\/uploads\/2016\/09\/DSC_1242-768x432.jpg 768w, http:\/\/blog.aich.de\/wp-content\/uploads\/2016\/09\/DSC_1242-1024x576.jpg 1024w, http:\/\/blog.aich.de\/wp-content\/uploads\/2016\/09\/DSC_1242.jpg 1920w\" sizes=\"auto, (max-width: 300px) 100vw, 300px\" \/><\/a> <a href=\"http:\/\/blog.aich.de\/wp-content\/uploads\/2016\/09\/DSC_1244.jpg\"><img loading=\"lazy\" decoding=\"async\" class=\"alignnone size-medium wp-image-936\" src=\"http:\/\/blog.aich.de\/wp-content\/uploads\/2016\/09\/DSC_1244-300x169.jpg\" alt=\"dsc_1244\" width=\"300\" height=\"169\" srcset=\"http:\/\/blog.aich.de\/wp-content\/uploads\/2016\/09\/DSC_1244-300x169.jpg 300w, http:\/\/blog.aich.de\/wp-content\/uploads\/2016\/09\/DSC_1244-768x432.jpg 768w, http:\/\/blog.aich.de\/wp-content\/uploads\/2016\/09\/DSC_1244-1024x576.jpg 1024w, http:\/\/blog.aich.de\/wp-content\/uploads\/2016\/09\/DSC_1244.jpg 1920w\" sizes=\"auto, (max-width: 300px) 100vw, 300px\" \/><\/a> <a href=\"http:\/\/blog.aich.de\/wp-content\/uploads\/2016\/09\/IMG_6594.jpg\"><img loading=\"lazy\" decoding=\"async\" class=\"alignnone size-medium wp-image-937\" src=\"http:\/\/blog.aich.de\/wp-content\/uploads\/2016\/09\/IMG_6594-300x200.jpg\" alt=\"img_6594\" width=\"300\" height=\"200\" srcset=\"http:\/\/blog.aich.de\/wp-content\/uploads\/2016\/09\/IMG_6594-300x200.jpg 300w, http:\/\/blog.aich.de\/wp-content\/uploads\/2016\/09\/IMG_6594-768x512.jpg 768w, http:\/\/blog.aich.de\/wp-content\/uploads\/2016\/09\/IMG_6594-1024x683.jpg 1024w, http:\/\/blog.aich.de\/wp-content\/uploads\/2016\/09\/IMG_6594.jpg 1620w\" sizes=\"auto, (max-width: 300px) 100vw, 300px\" \/><\/a> <a href=\"http:\/\/blog.aich.de\/wp-content\/uploads\/2016\/09\/IMG_6595.jpg\"><img loading=\"lazy\" decoding=\"async\" class=\"alignnone size-medium wp-image-938\" src=\"http:\/\/blog.aich.de\/wp-content\/uploads\/2016\/09\/IMG_6595-200x300.jpg\" alt=\"img_6595\" width=\"200\" height=\"300\" srcset=\"http:\/\/blog.aich.de\/wp-content\/uploads\/2016\/09\/IMG_6595-200x300.jpg 200w, http:\/\/blog.aich.de\/wp-content\/uploads\/2016\/09\/IMG_6595-683x1024.jpg 683w, http:\/\/blog.aich.de\/wp-content\/uploads\/2016\/09\/IMG_6595.jpg 720w\" sizes=\"auto, (max-width: 200px) 100vw, 200px\" \/><\/a> <a href=\"http:\/\/blog.aich.de\/wp-content\/uploads\/2016\/09\/IMG_6596.jpg\"><img loading=\"lazy\" decoding=\"async\" class=\"alignnone size-medium wp-image-939\" src=\"http:\/\/blog.aich.de\/wp-content\/uploads\/2016\/09\/IMG_6596-300x200.jpg\" alt=\"img_6596\" width=\"300\" height=\"200\" srcset=\"http:\/\/blog.aich.de\/wp-content\/uploads\/2016\/09\/IMG_6596-300x200.jpg 300w, http:\/\/blog.aich.de\/wp-content\/uploads\/2016\/09\/IMG_6596-768x512.jpg 768w, http:\/\/blog.aich.de\/wp-content\/uploads\/2016\/09\/IMG_6596-1024x683.jpg 1024w, http:\/\/blog.aich.de\/wp-content\/uploads\/2016\/09\/IMG_6596.jpg 1620w\" sizes=\"auto, (max-width: 300px) 100vw, 300px\" \/><\/a> <a href=\"http:\/\/blog.aich.de\/wp-content\/uploads\/2016\/09\/IMG_6597.jpg\"><img loading=\"lazy\" decoding=\"async\" class=\"alignnone size-medium wp-image-940\" src=\"http:\/\/blog.aich.de\/wp-content\/uploads\/2016\/09\/IMG_6597-300x200.jpg\" alt=\"img_6597\" width=\"300\" height=\"200\" srcset=\"http:\/\/blog.aich.de\/wp-content\/uploads\/2016\/09\/IMG_6597-300x200.jpg 300w, http:\/\/blog.aich.de\/wp-content\/uploads\/2016\/09\/IMG_6597-768x512.jpg 768w, http:\/\/blog.aich.de\/wp-content\/uploads\/2016\/09\/IMG_6597-1024x683.jpg 1024w, http:\/\/blog.aich.de\/wp-content\/uploads\/2016\/09\/IMG_6597.jpg 1620w\" sizes=\"auto, (max-width: 300px) 100vw, 300px\" \/><\/a> <a href=\"http:\/\/blog.aich.de\/wp-content\/uploads\/2016\/09\/IMG_6603.jpg\"><img loading=\"lazy\" decoding=\"async\" class=\"alignnone size-medium wp-image-941\" src=\"http:\/\/blog.aich.de\/wp-content\/uploads\/2016\/09\/IMG_6603-300x200.jpg\" alt=\"img_6603\" width=\"300\" height=\"200\" srcset=\"http:\/\/blog.aich.de\/wp-content\/uploads\/2016\/09\/IMG_6603-300x200.jpg 300w, http:\/\/blog.aich.de\/wp-content\/uploads\/2016\/09\/IMG_6603-768x512.jpg 768w, http:\/\/blog.aich.de\/wp-content\/uploads\/2016\/09\/IMG_6603-1024x683.jpg 1024w, http:\/\/blog.aich.de\/wp-content\/uploads\/2016\/09\/IMG_6603.jpg 1620w\" sizes=\"auto, (max-width: 300px) 100vw, 300px\" \/><\/a> <a href=\"http:\/\/blog.aich.de\/wp-content\/uploads\/2016\/09\/IMG_6604.jpg\"><img loading=\"lazy\" decoding=\"async\" class=\"alignnone size-medium wp-image-942\" src=\"http:\/\/blog.aich.de\/wp-content\/uploads\/2016\/09\/IMG_6604-300x200.jpg\" alt=\"img_6604\" width=\"300\" height=\"200\" srcset=\"http:\/\/blog.aich.de\/wp-content\/uploads\/2016\/09\/IMG_6604-300x200.jpg 300w, http:\/\/blog.aich.de\/wp-content\/uploads\/2016\/09\/IMG_6604-768x512.jpg 768w, http:\/\/blog.aich.de\/wp-content\/uploads\/2016\/09\/IMG_6604-1024x683.jpg 1024w, http:\/\/blog.aich.de\/wp-content\/uploads\/2016\/09\/IMG_6604.jpg 1620w\" sizes=\"auto, (max-width: 300px) 100vw, 300px\" \/><\/a> <a href=\"http:\/\/blog.aich.de\/wp-content\/uploads\/2016\/09\/IMG_6615.jpg\"><img loading=\"lazy\" decoding=\"async\" class=\"alignnone size-medium wp-image-943\" src=\"http:\/\/blog.aich.de\/wp-content\/uploads\/2016\/09\/IMG_6615-300x200.jpg\" alt=\"img_6615\" width=\"300\" height=\"200\" srcset=\"http:\/\/blog.aich.de\/wp-content\/uploads\/2016\/09\/IMG_6615-300x200.jpg 300w, http:\/\/blog.aich.de\/wp-content\/uploads\/2016\/09\/IMG_6615-768x512.jpg 768w, http:\/\/blog.aich.de\/wp-content\/uploads\/2016\/09\/IMG_6615-1024x683.jpg 1024w, http:\/\/blog.aich.de\/wp-content\/uploads\/2016\/09\/IMG_6615.jpg 1620w\" sizes=\"auto, (max-width: 300px) 100vw, 300px\" \/><\/a><\/p>\n","protected":false},"excerpt":{"rendered":"<p>Der dritte und somit letzte Tag stand auf dem Programm. Es ging wieder fr\u00fch morgens los. Die Fahrerbesprechung war auf 8.30 festgesetzt. Das war aber nicht zu schaffen, Fr\u00fchst\u00fcck, Hotel abrechnen und nach F\u00fcrstenfeldbruck fahren. Richtig Neues gab es anscheinend nicht in der Besprechung. Heute standen Weilheim und Starnberg auf dem Programm. Wieder bei strahlendem &#8230; <a title=\"eRUDA 2016 &#8211; Tag 3\" class=\"read-more\" href=\"http:\/\/blog.aich.de\/?p=932\" aria-label=\"Mehr Informationen \u00fcber eRUDA 2016 &#8211; Tag 3\">Weiterlesen<\/a><\/p>\n","protected":false},"author":2,"featured_media":0,"comment_status":"open","ping_status":"open","sticky":false,"template":"","format":"standard","meta":{"footnotes":""},"categories":[7,10],"tags":[],"class_list":["post-932","post","type-post","status-publish","format-standard","hentry","category-fahrbericht","category-veranstaltung"],"_links":{"self":[{"href":"http:\/\/blog.aich.de\/index.php?rest_route=\/wp\/v2\/posts\/932","targetHints":{"allow":["GET"]}}],"collection":[{"href":"http:\/\/blog.aich.de\/index.php?rest_route=\/wp\/v2\/posts"}],"about":[{"href":"http:\/\/blog.aich.de\/index.php?rest_route=\/wp\/v2\/types\/post"}],"author":[{"embeddable":true,"href":"http:\/\/blog.aich.de\/index.php?rest_route=\/wp\/v2\/users\/2"}],"replies":[{"embeddable":true,"href":"http:\/\/blog.aich.de\/index.php?rest_route=%2Fwp%2Fv2%2Fcomments&post=932"}],"version-history":[{"count":2,"href":"http:\/\/blog.aich.de\/index.php?rest_route=\/wp\/v2\/posts\/932\/revisions"}],"predecessor-version":[{"id":945,"href":"http:\/\/blog.aich.de\/index.php?rest_route=\/wp\/v2\/posts\/932\/revisions\/945"}],"wp:attachment":[{"href":"http:\/\/blog.aich.de\/index.php?rest_route=%2Fwp%2Fv2%2Fmedia&parent=932"}],"wp:term":[{"taxonomy":"category","embeddable":true,"href":"http:\/\/blog.aich.de\/index.php?rest_route=%2Fwp%2Fv2%2Fcategories&post=932"},{"taxonomy":"post_tag","embeddable":true,"href":"http:\/\/blog.aich.de\/index.php?rest_route=%2Fwp%2Fv2%2Ftags&post=932"}],"curies":[{"name":"wp","href":"https:\/\/api.w.org\/{rel}","templated":true}]}}