{"id":96,"date":"2014-01-05T15:35:50","date_gmt":"2014-01-05T14:35:50","guid":{"rendered":"http:\/\/blog.aich.de\/?p=96"},"modified":"2014-01-27T14:12:15","modified_gmt":"2014-01-27T13:12:15","slug":"oeffentliche-ladestationen-teil-1","status":"publish","type":"post","link":"http:\/\/blog.aich.de\/?p=96","title":{"rendered":"\u00d6ffentliche Ladestationen &#8211; Teil 1"},"content":{"rendered":"<p>Einige Gemeinden versuchen die Elektromobilit\u00e4t zu f\u00f6rdern und stellen darum Ladestationen bereit.\u00a0So auch die Stadt Ettlingen.<\/p>\n<p>In beiden Tiefgaragen steht jeweils ein Ladeplatz zur Verf\u00fcgung. Der zugeh\u00f6rige Stellplatz ist reserviert und mit einer Pylone &#8218;gesichert&#8216;. Die Wahrscheinlichkeit, dass der Platz somit von einem anderen Fahrzeug (nicht Elektro) belegt ist, wird so minimiert.<\/p>\n<p>Das Laden selbst ist kostenlos, die normalen Parkgeb\u00fchren fallen nat\u00fcrlich an.<br \/>\nAls Anschluss steht eine Schukosteckdose bereit, diese muss per Tastendruck freigegeben werden. Laut Beschreibung ist die Steckdose f\u00fcr 2 Stunden aktiv, danach muss ein erneuter Tastendruck erfolgen. Ich bin mir allerdings relativ sicher, dass beim letzten Laden die 2 Stunden schon lange vorbei waren, das Fahrzeug aber immer noch geladen wurde (vielleicht hat auch jemand anderes den Taster gedr\u00fcckt ?)<\/p>\n<p>Beim letzten Laden habe ich auf den Zahler im Schaltschrank geschaut, dort standen gerade einmal 127 kwh auf dem Display, d.h. richtig genutzt wird die Lades\u00e4ule nicht.<\/p>\n<p>Laut Stadtwerke Ettlingen sollen die beiden Stationen 2014 auf jeden Fall erhalten und kostenfrei bleiben.<\/p>\n<p>Das &#8218;Problem&#8216; an diesen beiden Ladestationen ist jedoch der Anschluss. Mit einer normalen Stromleitung sind 16A mit 230 V m\u00f6glich, d.h. pro Stunde sind dies ca. 3,6 kWh die geladen werden k\u00f6nnen. Der i3 ist mit einem Normverbrauch von 12,9 kWh pro 100 km und einem realistischeren Verbrauch von 14-17 kWh angegeben (Quelle: bmw.de).<br \/>\nBei den aktuellen Bedingungen (K\u00e4lte, Winterr\u00e4der) liege ich am oberen Ende bzw. dar\u00fcber &#8211; ca. 19 kWh.<br \/>\nAus diesen Werten ergibt sich, dass 1 h Laden eine Reichweite von ca. 19 km ergibt &#8211; berauschend ist dies nicht.<\/p>\n<p><a href=\"http:\/\/blog.aich.de\/wp-content\/uploads\/2014\/01\/strom1.jpg\"><img loading=\"lazy\" decoding=\"async\" class=\"alignnone  wp-image-98\" alt=\"strom1\" src=\"http:\/\/blog.aich.de\/wp-content\/uploads\/2014\/01\/strom1-300x225.jpg\" width=\"210\" height=\"158\" srcset=\"http:\/\/blog.aich.de\/wp-content\/uploads\/2014\/01\/strom1-300x225.jpg 300w, http:\/\/blog.aich.de\/wp-content\/uploads\/2014\/01\/strom1.jpg 800w\" sizes=\"auto, (max-width: 210px) 100vw, 210px\" \/><\/a> <a href=\"http:\/\/blog.aich.de\/wp-content\/uploads\/2014\/01\/strom2.jpg\"><img loading=\"lazy\" decoding=\"async\" class=\"alignnone  wp-image-99\" alt=\"strom2\" src=\"http:\/\/blog.aich.de\/wp-content\/uploads\/2014\/01\/strom2-300x225.jpg\" width=\"210\" height=\"158\" srcset=\"http:\/\/blog.aich.de\/wp-content\/uploads\/2014\/01\/strom2-300x225.jpg 300w, http:\/\/blog.aich.de\/wp-content\/uploads\/2014\/01\/strom2.jpg 800w\" sizes=\"auto, (max-width: 210px) 100vw, 210px\" \/><\/a> <a href=\"http:\/\/blog.aich.de\/wp-content\/uploads\/2014\/01\/strom3.jpg\"><img loading=\"lazy\" decoding=\"async\" class=\"alignnone  wp-image-100\" alt=\"strom3\" src=\"http:\/\/blog.aich.de\/wp-content\/uploads\/2014\/01\/strom3-300x232.jpg\" width=\"210\" height=\"162\" srcset=\"http:\/\/blog.aich.de\/wp-content\/uploads\/2014\/01\/strom3-300x232.jpg 300w, http:\/\/blog.aich.de\/wp-content\/uploads\/2014\/01\/strom3.jpg 800w\" sizes=\"auto, (max-width: 210px) 100vw, 210px\" \/><\/a><\/p>\n<p><a href=\"http:\/\/www.sw-ettlingen.de\/de\/Privatkunden\/Energie_und_Umwelt\/Mobilitaet\/Mobilitaet_299.html\">Hier noch der Link zu den Stadtwerken Ettlingen<\/a><\/p>\n<p>&nbsp;<\/p>\n","protected":false},"excerpt":{"rendered":"<p>Einige Gemeinden versuchen die Elektromobilit\u00e4t zu f\u00f6rdern und stellen darum Ladestationen bereit.\u00a0So auch die Stadt Ettlingen. In beiden Tiefgaragen steht jeweils ein Ladeplatz zur Verf\u00fcgung. Der zugeh\u00f6rige Stellplatz ist reserviert und mit einer Pylone &#8218;gesichert&#8216;. Die Wahrscheinlichkeit, dass der Platz somit von einem anderen Fahrzeug (nicht Elektro) belegt ist, wird so minimiert. Das Laden selbst &#8230; <a title=\"\u00d6ffentliche Ladestationen &#8211; Teil 1\" class=\"read-more\" href=\"http:\/\/blog.aich.de\/?p=96\" aria-label=\"Mehr Informationen \u00fcber \u00d6ffentliche Ladestationen &#8211; Teil 1\">Weiterlesen<\/a><\/p>\n","protected":false},"author":2,"featured_media":0,"comment_status":"open","ping_status":"open","sticky":false,"template":"","format":"standard","meta":{"footnotes":""},"categories":[9,8],"tags":[],"class_list":["post-96","post","type-post","status-publish","format-standard","hentry","category-laden","category-technik"],"_links":{"self":[{"href":"http:\/\/blog.aich.de\/index.php?rest_route=\/wp\/v2\/posts\/96","targetHints":{"allow":["GET"]}}],"collection":[{"href":"http:\/\/blog.aich.de\/index.php?rest_route=\/wp\/v2\/posts"}],"about":[{"href":"http:\/\/blog.aich.de\/index.php?rest_route=\/wp\/v2\/types\/post"}],"author":[{"embeddable":true,"href":"http:\/\/blog.aich.de\/index.php?rest_route=\/wp\/v2\/users\/2"}],"replies":[{"embeddable":true,"href":"http:\/\/blog.aich.de\/index.php?rest_route=%2Fwp%2Fv2%2Fcomments&post=96"}],"version-history":[{"count":4,"href":"http:\/\/blog.aich.de\/index.php?rest_route=\/wp\/v2\/posts\/96\/revisions"}],"predecessor-version":[{"id":111,"href":"http:\/\/blog.aich.de\/index.php?rest_route=\/wp\/v2\/posts\/96\/revisions\/111"}],"wp:attachment":[{"href":"http:\/\/blog.aich.de\/index.php?rest_route=%2Fwp%2Fv2%2Fmedia&parent=96"}],"wp:term":[{"taxonomy":"category","embeddable":true,"href":"http:\/\/blog.aich.de\/index.php?rest_route=%2Fwp%2Fv2%2Fcategories&post=96"},{"taxonomy":"post_tag","embeddable":true,"href":"http:\/\/blog.aich.de\/index.php?rest_route=%2Fwp%2Fv2%2Ftags&post=96"}],"curies":[{"name":"wp","href":"https:\/\/api.w.org\/{rel}","templated":true}]}}