{"id":966,"date":"2016-11-12T11:29:52","date_gmt":"2016-11-12T10:29:52","guid":{"rendered":"http:\/\/blog.aich.de\/?p=966"},"modified":"2016-11-12T11:30:26","modified_gmt":"2016-11-12T10:30:26","slug":"pedelec-ladestation","status":"publish","type":"post","link":"http:\/\/blog.aich.de\/?p=966","title":{"rendered":"Pedelec Ladestation"},"content":{"rendered":"<p>Heute ein etwas anderes Thema.<br \/>\nAm 8.11. wurde in Ettlingen die zweite Ladestation f\u00fcr Pedelecs eingeweiht. W\u00e4rend die erste Station in der M\u00fchlenstrasse zus\u00e4tzlich noch einen Ladepunkt f\u00fcr E-Fahrzeuge bietet, ist die neue Station nur von E-Bikes nutzbar.<\/p>\n<p>Die Station ist neben dem Fahrradabstellplatz am Hauptbahnhof (siehe Karte, neben EXTREM PIZZA Ettlingen):<br \/>\n<iframe loading=\"lazy\" style=\"border: 0;\" src=\"https:\/\/www.google.com\/maps\/embed?pb=!1m14!1m12!1m3!1d550.9474333053585!2d8.408807941724353!3d48.93896659532151!2m3!1f0!2f0!3f0!3m2!1i1024!2i768!4f13.1!5e0!3m2!1sde!2sde!4v1478946189618\" width=\"600\" height=\"450\" frameborder=\"0\" allowfullscreen=\"allowfullscreen\"><\/iframe><\/p>\n<p>Die Nutzung ist kostenlos und ohne Vertrag, Karte, App o.\u00e4. m\u00f6glich. Um den Akku aufzuladen muss er aus dem Fahrrad entnommen werden und in eine der Boxen gelegt werden. Dort erfolgt der Anschluss \u00fcber eine Schuko-Steckdose (das eigene Ladeger\u00e4t muss genutzt werden). Vor Diebstahl ist der Akku in der Box durch die Eingabe einer PIN gesch\u00fctzt. Die PIN wird am Anfang individuell festgelegt und wird zum \u00f6ffnen der Box ben\u00f6tigt.<\/p>\n<p>Gesponsort wird die Ladestation von der Volksbank Ettlingen, den Stadtwerken Ettlingen und der Stadt Ettlingen.<\/p>\n<p><a href=\"http:\/\/blog.aich.de\/wp-content\/uploads\/2016\/11\/DSC_1293.jpg\"><img loading=\"lazy\" decoding=\"async\" class=\"alignnone size-medium wp-image-967\" src=\"http:\/\/blog.aich.de\/wp-content\/uploads\/2016\/11\/DSC_1293-300x169.jpg\" alt=\"dsc_1293\" width=\"300\" height=\"169\" srcset=\"http:\/\/blog.aich.de\/wp-content\/uploads\/2016\/11\/DSC_1293-300x169.jpg 300w, http:\/\/blog.aich.de\/wp-content\/uploads\/2016\/11\/DSC_1293-768x432.jpg 768w, http:\/\/blog.aich.de\/wp-content\/uploads\/2016\/11\/DSC_1293-1024x576.jpg 1024w, http:\/\/blog.aich.de\/wp-content\/uploads\/2016\/11\/DSC_1293.jpg 1920w\" sizes=\"auto, (max-width: 300px) 100vw, 300px\" \/><\/a><\/p>\n","protected":false},"excerpt":{"rendered":"<p>Heute ein etwas anderes Thema. Am 8.11. wurde in Ettlingen die zweite Ladestation f\u00fcr Pedelecs eingeweiht. W\u00e4rend die erste Station in der M\u00fchlenstrasse zus\u00e4tzlich noch einen Ladepunkt f\u00fcr E-Fahrzeuge bietet, ist die neue Station nur von E-Bikes nutzbar. Die Station ist neben dem Fahrradabstellplatz am Hauptbahnhof (siehe Karte, neben EXTREM PIZZA Ettlingen): Die Nutzung ist &#8230; <a title=\"Pedelec Ladestation\" class=\"read-more\" href=\"http:\/\/blog.aich.de\/?p=966\" aria-label=\"Mehr Informationen \u00fcber Pedelec Ladestation\">Weiterlesen<\/a><\/p>\n","protected":false},"author":2,"featured_media":0,"comment_status":"open","ping_status":"open","sticky":false,"template":"","format":"standard","meta":{"footnotes":""},"categories":[9,8],"tags":[],"class_list":["post-966","post","type-post","status-publish","format-standard","hentry","category-laden","category-technik"],"_links":{"self":[{"href":"http:\/\/blog.aich.de\/index.php?rest_route=\/wp\/v2\/posts\/966","targetHints":{"allow":["GET"]}}],"collection":[{"href":"http:\/\/blog.aich.de\/index.php?rest_route=\/wp\/v2\/posts"}],"about":[{"href":"http:\/\/blog.aich.de\/index.php?rest_route=\/wp\/v2\/types\/post"}],"author":[{"embeddable":true,"href":"http:\/\/blog.aich.de\/index.php?rest_route=\/wp\/v2\/users\/2"}],"replies":[{"embeddable":true,"href":"http:\/\/blog.aich.de\/index.php?rest_route=%2Fwp%2Fv2%2Fcomments&post=966"}],"version-history":[{"count":2,"href":"http:\/\/blog.aich.de\/index.php?rest_route=\/wp\/v2\/posts\/966\/revisions"}],"predecessor-version":[{"id":969,"href":"http:\/\/blog.aich.de\/index.php?rest_route=\/wp\/v2\/posts\/966\/revisions\/969"}],"wp:attachment":[{"href":"http:\/\/blog.aich.de\/index.php?rest_route=%2Fwp%2Fv2%2Fmedia&parent=966"}],"wp:term":[{"taxonomy":"category","embeddable":true,"href":"http:\/\/blog.aich.de\/index.php?rest_route=%2Fwp%2Fv2%2Fcategories&post=966"},{"taxonomy":"post_tag","embeddable":true,"href":"http:\/\/blog.aich.de\/index.php?rest_route=%2Fwp%2Fv2%2Ftags&post=966"}],"curies":[{"name":"wp","href":"https:\/\/api.w.org\/{rel}","templated":true}]}}