{"id":973,"date":"2016-12-06T13:10:06","date_gmt":"2016-12-06T12:10:06","guid":{"rendered":"http:\/\/blog.aich.de\/?p=973"},"modified":"2016-12-06T13:10:06","modified_gmt":"2016-12-06T12:10:06","slug":"elektromobilitaet-in-ettlingen-die-fraktionen-beraten-ueber-die-haushaltsmittel-artikel-in-den-bnn-vom-6-12-2016","status":"publish","type":"post","link":"http:\/\/blog.aich.de\/?p=973","title":{"rendered":"Elektromobilit\u00e4t in Ettlingen. Die Fraktionen beraten \u00fcber die Haushaltsmittel (Artikel in den BNN vom 6.12.2016)"},"content":{"rendered":"<p>W\u00e4hrend die Gr\u00fcnen zus\u00e4tzliche Investitionen beantragen und als Ziel eine j\u00e4hrliche Verdopplung der Ladepl\u00e4tze fordern, ist die CDU der Meinung, dass der Aufbau der Ladeinfrastruktur Aufgabe der Automobilindustrie sei.<\/p>\n<p>Dazu ein Kommentar:<br \/>\nDas Ziel der Gr\u00fcnen h\u00f6rt sich gut an. Dabei darf man aber nicht vergessen wie der aktuelle Stand \u00fcberhaupt ist. In ganz Ettlingen gibt es genau einen Ladepunkt der problemlos 24\/7 nutzbar ist (M\u00fchlenstra\u00dfe). F\u00fcr den zweiten 24\/7 Ladepunkt bei der Volksbank ben\u00f6tigt man eine EC-Karte um auf den Parkplatz zu gelangen. Diese hat nicht jeder \u2013 gerade im Ausland (speziell auch Frankreich)\u00a0 ist diese nicht verbreitet. Alle anderen Ladepunkte sind an \u00d6ffnungszeiten oder andere Zugangsbeschr\u00e4nkungen gebunden.<br \/>\nVielleicht sollte man zuerst \u00fcberlegen f\u00fcr wen und welchen Zweck Ladepunkte errichtet werden sollen. Danach kann man \u00fcber die Kosten und Budget reden. Daraus ergibt sich dann die m\u00f6gliche Anzahl der Ladestationen.<br \/>\nAnsonsten hat Ettlingen danach vielleicht 30 Ladepunkte, die niemandem richtig n\u00fctzen.<\/p>\n<p>Die CDU ist der Meinung, dass die Ladeinfrastruktur Aufgabe der Automobilindustrie sei. Wie das aber funktionieren soll bleibt schleierhaft. Gerade der Bau von dezentralen Ladem\u00f6glichkeiten in den St\u00e4dten (im Gegensatz zu Ladepunkten an Schnellstra\u00dfen und Autobahnen) bereitet gro\u00dfe Probleme.<br \/>\nFakt ist, dass der Bau von Ladepunkten anders gestaltet ist, wie der Bau einer Tankstelle. D.h. es geht nicht darum an einer Stelle ein paar S\u00e4ulen zu bauen. Die Ladepunkte m\u00fcssen dort gebaut werden wo die Fahrzeuge l\u00e4ngere Zeit stehen. In den meisten F\u00e4llen ist das im \u00f6ffentlichen Parkraum.<br \/>\nDer Vorschlag der CDU setzt also voraus, dass die Gemeinde \u00f6ffentlichen Raum an private Unternehmen zur Verf\u00fcgung stellt. Bereits das d\u00fcrfte ein Hinderungsgrund sein. Sp\u00e4testens bei der Frage der Pacht f\u00fcr die Nutzung endet das Interesse eines jeglichen Investors.<br \/>\nAktuell ist mit dem Betrieb einer Lades\u00e4ule kein Gewinn zu erwirtschaften. In den meisten F\u00e4llen ist es nicht einmal m\u00f6glich die laufenden Kosten zu decken.<br \/>\nGenau aus diesem Grund ist die Investition in eine Ladeinfrastruktur eine Investition in die Zukunft. Die Gemeinde hat auch eine Verantwortung gegen\u00fcber den B\u00fcrgern. Gerade die Abgas- und L\u00e4rmbelastung kann durch die F\u00f6rderung der Elektromobilit\u00e4t verringert werden.<br \/>\n\u00dcbrigens: Andere St\u00e4dte sehen das genau so. Paradebeispiel ist die Stadt Speyer (unter CDU F\u00fchrung), wo ein entsprechendes Konzept realisiert wird.<\/p>\n<p>Ab 2017 sind F\u00f6rderungen des Bundes f\u00fcr den Aufbau der Ladeinfrastruktur in Vorbereitung.<\/p>\n<p>Beiden Fraktionen w\u00fcrde ich empfehlen sich zuerst n\u00e4her mit der Thematik zu befassen, ein Konzept zu erstellen und danach einen Antrag zu stellen. Und nicht einfach pauschale Aussagen zu treffen (sowohl in die eine, wie auch in die andere Richtung).<\/p>\n","protected":false},"excerpt":{"rendered":"<p>W\u00e4hrend die Gr\u00fcnen zus\u00e4tzliche Investitionen beantragen und als Ziel eine j\u00e4hrliche Verdopplung der Ladepl\u00e4tze fordern, ist die CDU der Meinung, dass der Aufbau der Ladeinfrastruktur Aufgabe der Automobilindustrie sei. Dazu ein Kommentar: Das Ziel der Gr\u00fcnen h\u00f6rt sich gut an. Dabei darf man aber nicht vergessen wie der aktuelle Stand \u00fcberhaupt ist. In ganz Ettlingen &#8230; <a title=\"Elektromobilit\u00e4t in Ettlingen. Die Fraktionen beraten \u00fcber die Haushaltsmittel (Artikel in den BNN vom 6.12.2016)\" class=\"read-more\" href=\"http:\/\/blog.aich.de\/?p=973\" aria-label=\"Mehr Informationen \u00fcber Elektromobilit\u00e4t in Ettlingen. Die Fraktionen beraten \u00fcber die Haushaltsmittel (Artikel in den BNN vom 6.12.2016)\">Weiterlesen<\/a><\/p>\n","protected":false},"author":2,"featured_media":0,"comment_status":"open","ping_status":"open","sticky":false,"template":"","format":"standard","meta":{"footnotes":""},"categories":[9],"tags":[],"class_list":["post-973","post","type-post","status-publish","format-standard","hentry","category-laden"],"_links":{"self":[{"href":"http:\/\/blog.aich.de\/index.php?rest_route=\/wp\/v2\/posts\/973","targetHints":{"allow":["GET"]}}],"collection":[{"href":"http:\/\/blog.aich.de\/index.php?rest_route=\/wp\/v2\/posts"}],"about":[{"href":"http:\/\/blog.aich.de\/index.php?rest_route=\/wp\/v2\/types\/post"}],"author":[{"embeddable":true,"href":"http:\/\/blog.aich.de\/index.php?rest_route=\/wp\/v2\/users\/2"}],"replies":[{"embeddable":true,"href":"http:\/\/blog.aich.de\/index.php?rest_route=%2Fwp%2Fv2%2Fcomments&post=973"}],"version-history":[{"count":1,"href":"http:\/\/blog.aich.de\/index.php?rest_route=\/wp\/v2\/posts\/973\/revisions"}],"predecessor-version":[{"id":974,"href":"http:\/\/blog.aich.de\/index.php?rest_route=\/wp\/v2\/posts\/973\/revisions\/974"}],"wp:attachment":[{"href":"http:\/\/blog.aich.de\/index.php?rest_route=%2Fwp%2Fv2%2Fmedia&parent=973"}],"wp:term":[{"taxonomy":"category","embeddable":true,"href":"http:\/\/blog.aich.de\/index.php?rest_route=%2Fwp%2Fv2%2Fcategories&post=973"},{"taxonomy":"post_tag","embeddable":true,"href":"http:\/\/blog.aich.de\/index.php?rest_route=%2Fwp%2Fv2%2Ftags&post=973"}],"curies":[{"name":"wp","href":"https:\/\/api.w.org\/{rel}","templated":true}]}}